{"id":1184,"date":"2015-06-16T08:24:08","date_gmt":"2015-06-16T08:24:08","guid":{"rendered":"http:\/\/www.liebedesign.de\/?p=1184"},"modified":"2015-06-16T08:39:13","modified_gmt":"2015-06-16T08:39:13","slug":"endlich-endlich-endlich","status":"publish","type":"post","link":"https:\/\/www.liebedesign.de\/?p=1184","title":{"rendered":"Endlich! Endlich! Endlich!"},"content":{"rendered":"<div id=\"attachment_1187\" style=\"width: 630px\" class=\"wp-caption aligncenter\"><a href=\"https:\/\/i0.wp.com\/www.liebedesign.de\/wp-content\/uploads\/2015\/06\/IMG_3877.jpg\"><img data-recalc-dims=\"1\" loading=\"lazy\" decoding=\"async\" aria-describedby=\"caption-attachment-1187\" class=\"size-large wp-image-1187\" src=\"https:\/\/i0.wp.com\/www.liebedesign.de\/wp-content\/uploads\/2015\/06\/IMG_3877-768x1024.jpg?resize=620%2C827\" alt=\"\u00a9 Sara Liebe\" width=\"620\" height=\"827\" srcset=\"https:\/\/i0.wp.com\/www.liebedesign.de\/wp-content\/uploads\/2015\/06\/IMG_3877.jpg?w=768&amp;ssl=1 768w, https:\/\/i0.wp.com\/www.liebedesign.de\/wp-content\/uploads\/2015\/06\/IMG_3877.jpg?resize=225%2C300&amp;ssl=1 225w\" sizes=\"auto, (max-width: 620px) 100vw, 620px\" \/><\/a><p id=\"caption-attachment-1187\" class=\"wp-caption-text\">\u00a9 Sara Liebe<\/p><\/div>\n<p><strong>Geschafft!<\/strong><\/p>\n<p>Endlich habe ich es geschafft, den Zaun aufzustellen, die Rankgitter zu befestigen und den Garten so einigerma\u00dfen auf Vordermann zu bringen. Meine Blumen danken es mir, die Clematis, die Kletterrose und die Wicken k\u00f6nnen sich endlich ausbreiten. Vorher hatte ich einen sch\u00f6nen Weidenzaun geflochten, der mir leider beim letzten Sturm umgepustet wurde, in ganzer L\u00e4nge&#8230;<\/p>\n<div id=\"attachment_1192\" style=\"width: 810px\" class=\"wp-caption aligncenter\"><a href=\"https:\/\/i0.wp.com\/www.liebedesign.de\/wp-content\/uploads\/2015\/06\/Zaun.jpg\"><img data-recalc-dims=\"1\" loading=\"lazy\" decoding=\"async\" aria-describedby=\"caption-attachment-1192\" class=\"size-full wp-image-1192\" src=\"https:\/\/i0.wp.com\/www.liebedesign.de\/wp-content\/uploads\/2015\/06\/Zaun.jpg?resize=620%2C465\" alt=\"\u00a9 Sara Liebe\" width=\"620\" height=\"465\" srcset=\"https:\/\/i0.wp.com\/www.liebedesign.de\/wp-content\/uploads\/2015\/06\/Zaun.jpg?w=800&amp;ssl=1 800w, https:\/\/i0.wp.com\/www.liebedesign.de\/wp-content\/uploads\/2015\/06\/Zaun.jpg?resize=300%2C225&amp;ssl=1 300w\" sizes=\"auto, (max-width: 620px) 100vw, 620px\" \/><\/a><p id=\"caption-attachment-1192\" class=\"wp-caption-text\">\u00a9 Sara Liebe<\/p><\/div>\n<div id=\"attachment_1198\" style=\"width: 370px\" class=\"wp-caption aligncenter\"><a href=\"https:\/\/i0.wp.com\/www.liebedesign.de\/wp-content\/uploads\/2015\/06\/Hochbeet.jpg\"><img data-recalc-dims=\"1\" loading=\"lazy\" decoding=\"async\" aria-describedby=\"caption-attachment-1198\" class=\"size-full wp-image-1198\" src=\"https:\/\/i0.wp.com\/www.liebedesign.de\/wp-content\/uploads\/2015\/06\/Hochbeet.jpg?resize=360%2C480\" alt=\"\u00a9 Sara Liebe\" width=\"360\" height=\"480\" srcset=\"https:\/\/i0.wp.com\/www.liebedesign.de\/wp-content\/uploads\/2015\/06\/Hochbeet.jpg?w=360&amp;ssl=1 360w, https:\/\/i0.wp.com\/www.liebedesign.de\/wp-content\/uploads\/2015\/06\/Hochbeet.jpg?resize=225%2C300&amp;ssl=1 225w\" sizes=\"auto, (max-width: 360px) 100vw, 360px\" \/><\/a><p id=\"caption-attachment-1198\" class=\"wp-caption-text\">\u00a9 Sara Liebe<\/p><\/div>\n<p>Um ehrlich zu sein &#8211; nochmal wollte ich den nicht flechten, denn ich bin etliche Male zum Bauern gefahren, um die Weide einzuladen und es hat einiges an Zeit und M\u00fchen gekostet, den zu flechten.<\/p>\n<p>Urspr\u00fcnglich hatte ich noch eine andere Idee, die mich aber ebenso viel Zeitaufwand gekostet h\u00e4tte und die Clematis war schon ganz erbost, dass sie auf dem Boden weiterranken sollte, so das ich meine Idee verschoben habe.<\/p>\n<p>Auch das Gei\u00dfblatt, die Kletterrosen und die Clematis am Haus haben endlich Gelegenheit erhalten, um sich am Haus geb\u00fchrend ausbreiten zu k\u00f6nnen. Es ist herrlich, wenn das ganze Haus zu wuchert und es bl\u00fcht, duftet, summt und brummt!<\/p>\n<div id=\"attachment_1188\" style=\"width: 630px\" class=\"wp-caption aligncenter\"><a href=\"https:\/\/i0.wp.com\/www.liebedesign.de\/wp-content\/uploads\/2015\/06\/IMG_3880.jpg\"><img data-recalc-dims=\"1\" loading=\"lazy\" decoding=\"async\" aria-describedby=\"caption-attachment-1188\" class=\"size-large wp-image-1188\" src=\"https:\/\/i0.wp.com\/www.liebedesign.de\/wp-content\/uploads\/2015\/06\/IMG_3880-1024x768.jpg?resize=620%2C465\" alt=\"\u00a9 Sara Liebe\" width=\"620\" height=\"465\" srcset=\"https:\/\/i0.wp.com\/www.liebedesign.de\/wp-content\/uploads\/2015\/06\/IMG_3880.jpg?w=1024&amp;ssl=1 1024w, https:\/\/i0.wp.com\/www.liebedesign.de\/wp-content\/uploads\/2015\/06\/IMG_3880.jpg?resize=300%2C225&amp;ssl=1 300w\" sizes=\"auto, (max-width: 620px) 100vw, 620px\" \/><\/a><p id=\"caption-attachment-1188\" class=\"wp-caption-text\">\u00a9 Sara Liebe<\/p><\/div>\n<div id=\"attachment_1190\" style=\"width: 630px\" class=\"wp-caption aligncenter\"><a href=\"https:\/\/i0.wp.com\/www.liebedesign.de\/wp-content\/uploads\/2015\/06\/IMG_3882.jpg\"><img data-recalc-dims=\"1\" loading=\"lazy\" decoding=\"async\" aria-describedby=\"caption-attachment-1190\" class=\"size-large wp-image-1190\" src=\"https:\/\/i0.wp.com\/www.liebedesign.de\/wp-content\/uploads\/2015\/06\/IMG_3882-768x1024.jpg?resize=620%2C827\" alt=\"\u00a9 Sara Liebe\" width=\"620\" height=\"827\" srcset=\"https:\/\/i0.wp.com\/www.liebedesign.de\/wp-content\/uploads\/2015\/06\/IMG_3882.jpg?w=768&amp;ssl=1 768w, https:\/\/i0.wp.com\/www.liebedesign.de\/wp-content\/uploads\/2015\/06\/IMG_3882.jpg?resize=225%2C300&amp;ssl=1 225w\" sizes=\"auto, (max-width: 620px) 100vw, 620px\" \/><\/a><p id=\"caption-attachment-1190\" class=\"wp-caption-text\">\u00a9 Sara Liebe<\/p><\/div>\n<div id=\"attachment_1200\" style=\"width: 630px\" class=\"wp-caption aligncenter\"><a href=\"https:\/\/i0.wp.com\/www.liebedesign.de\/wp-content\/uploads\/2015\/06\/IMG_3884.jpg\"><img data-recalc-dims=\"1\" loading=\"lazy\" decoding=\"async\" aria-describedby=\"caption-attachment-1200\" class=\"size-large wp-image-1200\" src=\"https:\/\/i0.wp.com\/www.liebedesign.de\/wp-content\/uploads\/2015\/06\/IMG_3884-768x1024.jpg?resize=620%2C827\" alt=\"\u00a9 Sara Liebe\" width=\"620\" height=\"827\" srcset=\"https:\/\/i0.wp.com\/www.liebedesign.de\/wp-content\/uploads\/2015\/06\/IMG_3884.jpg?w=768&amp;ssl=1 768w, https:\/\/i0.wp.com\/www.liebedesign.de\/wp-content\/uploads\/2015\/06\/IMG_3884.jpg?resize=225%2C300&amp;ssl=1 225w\" sizes=\"auto, (max-width: 620px) 100vw, 620px\" \/><\/a><p id=\"caption-attachment-1200\" class=\"wp-caption-text\">\u00a9 Sara Liebe<\/p><\/div>\n<p>Und die Sandkiste hat auch endlich eine Umrandung erhalten, nach dem meine Kinder aus dem Alter raus sind, in der Sandkiste zu spielen&#8230; Ja, aber \u2013 ich habe ja noch Nichten und Neffen, die k\u00f6nnen ja auch mal kommen und buddeln&#8230; Nichts ist umsonst. ;-)<\/p>\n<p>Meine Kr\u00e4uterspirale w\u00e4chst und gedeiht auch prima, einiges mu\u00dfte ich leider den Schnecken \u00fcberlassen bzw. sie waren schneller, als die Pflanze Zeit hatte zu wachsen, Dill und Petersilie mu\u00dften dran glauben. Wat \u00e4rgerlich, aber es ist ja alles am gedeihen, deshalb will ich mal nicht so sein.<\/p>\n<p><strong>Kr\u00e4uterspirale 2014<\/strong><\/p>\n<div id=\"attachment_1197\" style=\"width: 610px\" class=\"wp-caption aligncenter\"><a href=\"https:\/\/i0.wp.com\/www.liebedesign.de\/wp-content\/uploads\/2015\/06\/Kraeuterspiral2.jpg\"><img data-recalc-dims=\"1\" loading=\"lazy\" decoding=\"async\" aria-describedby=\"caption-attachment-1197\" class=\"size-full wp-image-1197\" src=\"https:\/\/i0.wp.com\/www.liebedesign.de\/wp-content\/uploads\/2015\/06\/Kraeuterspiral2.jpg?resize=600%2C800\" alt=\"\u00a9 Sara Liebe\" width=\"600\" height=\"800\" srcset=\"https:\/\/i0.wp.com\/www.liebedesign.de\/wp-content\/uploads\/2015\/06\/Kraeuterspiral2.jpg?w=600&amp;ssl=1 600w, https:\/\/i0.wp.com\/www.liebedesign.de\/wp-content\/uploads\/2015\/06\/Kraeuterspiral2.jpg?resize=225%2C300&amp;ssl=1 225w\" sizes=\"auto, (max-width: 600px) 100vw, 600px\" \/><\/a><p id=\"caption-attachment-1197\" class=\"wp-caption-text\">\u00a9 Sara Liebe<\/p><\/div>\n<div id=\"attachment_1196\" style=\"width: 490px\" class=\"wp-caption aligncenter\"><a href=\"https:\/\/i0.wp.com\/www.liebedesign.de\/wp-content\/uploads\/2015\/06\/Kraeuterspiral4.jpg\"><img data-recalc-dims=\"1\" loading=\"lazy\" decoding=\"async\" aria-describedby=\"caption-attachment-1196\" class=\"size-full wp-image-1196\" src=\"https:\/\/i0.wp.com\/www.liebedesign.de\/wp-content\/uploads\/2015\/06\/Kraeuterspiral4.jpg?resize=480%2C360\" alt=\"\u00a9 Sara Liebe\" width=\"480\" height=\"360\" srcset=\"https:\/\/i0.wp.com\/www.liebedesign.de\/wp-content\/uploads\/2015\/06\/Kraeuterspiral4.jpg?w=480&amp;ssl=1 480w, https:\/\/i0.wp.com\/www.liebedesign.de\/wp-content\/uploads\/2015\/06\/Kraeuterspiral4.jpg?resize=300%2C225&amp;ssl=1 300w\" sizes=\"auto, (max-width: 480px) 100vw, 480px\" \/><\/a><p id=\"caption-attachment-1196\" class=\"wp-caption-text\">\u00a9 Sara Liebe<\/p><\/div>\n<p><strong>Kr\u00e4uterspirale 2015<\/strong><\/p>\n<div id=\"attachment_1189\" style=\"width: 630px\" class=\"wp-caption aligncenter\"><a href=\"https:\/\/i0.wp.com\/www.liebedesign.de\/wp-content\/uploads\/2015\/06\/IMG_3881.jpg\"><img data-recalc-dims=\"1\" loading=\"lazy\" decoding=\"async\" aria-describedby=\"caption-attachment-1189\" class=\"size-large wp-image-1189\" src=\"https:\/\/i0.wp.com\/www.liebedesign.de\/wp-content\/uploads\/2015\/06\/IMG_3881-768x1024.jpg?resize=620%2C827\" alt=\"\u00a9 Sara Liebe\" width=\"620\" height=\"827\" srcset=\"https:\/\/i0.wp.com\/www.liebedesign.de\/wp-content\/uploads\/2015\/06\/IMG_3881.jpg?w=768&amp;ssl=1 768w, https:\/\/i0.wp.com\/www.liebedesign.de\/wp-content\/uploads\/2015\/06\/IMG_3881.jpg?resize=225%2C300&amp;ssl=1 225w\" sizes=\"auto, (max-width: 620px) 100vw, 620px\" \/><\/a><p id=\"caption-attachment-1189\" class=\"wp-caption-text\">\u00a9 Sara Liebe<\/p><\/div>\n<p>Es gibt immer etwas zu tun oder zu versch\u00f6nern. Bin jedenfalls gespannt, ob ich dieses Jahr schaffe, den <a href=\"http:\/\/www.bantam-mais.de\/\" target=\"_blank\">Bantam-Mais<\/a> zu ernten. Letztes Jahr war ich leider zu sp\u00e4t dran und er ist nichts geworden. Und wor\u00fcber ich mich auch sehr freue, die M\u00f6hrchen blitzen mit ihrem ersten Gr\u00fcn aus dem Hochbeet. Letztes Jahr sind die Schnecken im Rasenm\u00e4hertempo dr\u00fcbergefegt und haben alles gefressen was da war&#8230;<\/p>\n<p>Ich w\u00fcnsche Euch eine sch\u00f6ne Zeit im Garten, auf\u00b4m Balkon, in der freien Natur oder wo auch immer!<\/p>\n<p>Mein Beitrag f\u00fcr\u00a0<a title=\"creadienstag\" href=\"http:\/\/www.creadienstag.de\/\" target=\"_blank\">creadienstag,<\/a> <a title=\"Linkyourstuff\" href=\"http:\/\/meertjes-stuff.blogspot.de\/\" target=\"_blank\">Meertje<\/a> und <a title=\"creative jewish mom\" href=\"http:\/\/www.creativejewishmom.com\/\" target=\"_blank\">creative jewish mom<\/a>!<\/p>\n","protected":false},"excerpt":{"rendered":"<p>Geschafft! Endlich habe ich es geschafft, den Zaun aufzustellen, die Rankgitter zu befestigen und den Garten so einigerma\u00dfen auf Vordermann zu bringen. Meine Blumen danken es mir, die Clematis, die Kletterrose und die Wicken k\u00f6nnen sich endlich ausbreiten. Vorher hatte &hellip; <a href=\"https:\/\/www.liebedesign.de\/?p=1184\">Weiterlesen <span class=\"meta-nav\">&rarr;<\/span><\/a><\/p>\n","protected":false},"author":1,"featured_media":0,"comment_status":"open","ping_status":"open","sticky":false,"template":"","format":"image","meta":{"advanced_seo_description":"","jetpack_seo_html_title":"","jetpack_seo_noindex":false,"jetpack_post_was_ever_published":false,"_jetpack_newsletter_access":"","_jetpack_dont_email_post_to_subs":false,"_jetpack_newsletter_tier_id":0,"_jetpack_memberships_contains_paywalled_content":false,"_jetpack_memberships_contains_paid_content":false,"footnotes":""},"categories":[1,10,14],"tags":[],"class_list":["post-1184","post","type-post","status-publish","format-image","hentry","category-allgemein","category-impressionen","category-neuigkeiten","post_format-post-format-image"],"jetpack_featured_media_url":"","jetpack_shortlink":"https:\/\/wp.me\/p5EgJb-j6","jetpack_sharing_enabled":true,"jetpack-related-posts":[],"_links":{"self":[{"href":"https:\/\/www.liebedesign.de\/index.php?rest_route=\/wp\/v2\/posts\/1184","targetHints":{"allow":["GET"]}}],"collection":[{"href":"https:\/\/www.liebedesign.de\/index.php?rest_route=\/wp\/v2\/posts"}],"about":[{"href":"https:\/\/www.liebedesign.de\/index.php?rest_route=\/wp\/v2\/types\/post"}],"author":[{"embeddable":true,"href":"https:\/\/www.liebedesign.de\/index.php?rest_route=\/wp\/v2\/users\/1"}],"replies":[{"embeddable":true,"href":"https:\/\/www.liebedesign.de\/index.php?rest_route=%2Fwp%2Fv2%2Fcomments&post=1184"}],"version-history":[{"count":5,"href":"https:\/\/www.liebedesign.de\/index.php?rest_route=\/wp\/v2\/posts\/1184\/revisions"}],"predecessor-version":[{"id":1205,"href":"https:\/\/www.liebedesign.de\/index.php?rest_route=\/wp\/v2\/posts\/1184\/revisions\/1205"}],"wp:attachment":[{"href":"https:\/\/www.liebedesign.de\/index.php?rest_route=%2Fwp%2Fv2%2Fmedia&parent=1184"}],"wp:term":[{"taxonomy":"category","embeddable":true,"href":"https:\/\/www.liebedesign.de\/index.php?rest_route=%2Fwp%2Fv2%2Fcategories&post=1184"},{"taxonomy":"post_tag","embeddable":true,"href":"https:\/\/www.liebedesign.de\/index.php?rest_route=%2Fwp%2Fv2%2Ftags&post=1184"}],"curies":[{"name":"wp","href":"https:\/\/api.w.org\/{rel}","templated":true}]}}