{"id":1750,"date":"2015-12-01T13:13:27","date_gmt":"2015-12-01T13:13:27","guid":{"rendered":"http:\/\/www.liebedesign.de\/?p=1750"},"modified":"2015-12-01T16:57:50","modified_gmt":"2015-12-01T16:57:50","slug":"oma-bittet-zum-adventskranz-diy","status":"publish","type":"post","link":"https:\/\/www.liebedesign.de\/?p=1750","title":{"rendered":"Oma bittet zum Adventskranz &#8211; DIY"},"content":{"rendered":"<div id=\"attachment_1744\" style=\"width: 630px\" class=\"wp-caption aligncenter\"><a href=\"https:\/\/i0.wp.com\/www.liebedesign.de\/wp-content\/uploads\/2015\/12\/IMG_5434.jpg\"><img data-recalc-dims=\"1\" loading=\"lazy\" decoding=\"async\" aria-describedby=\"caption-attachment-1744\" class=\"size-large wp-image-1744\" src=\"https:\/\/i0.wp.com\/www.liebedesign.de\/wp-content\/uploads\/2015\/12\/IMG_5434-768x1024.jpg?resize=620%2C827\" alt=\"\u00a9 Sara Liebe\" width=\"620\" height=\"827\" srcset=\"https:\/\/i0.wp.com\/www.liebedesign.de\/wp-content\/uploads\/2015\/12\/IMG_5434.jpg?w=768&amp;ssl=1 768w, https:\/\/i0.wp.com\/www.liebedesign.de\/wp-content\/uploads\/2015\/12\/IMG_5434.jpg?resize=225%2C300&amp;ssl=1 225w\" sizes=\"auto, (max-width: 620px) 100vw, 620px\" \/><\/a><p id=\"caption-attachment-1744\" class=\"wp-caption-text\">\u00a9 Sara Liebe<\/p><\/div>\n<p>Ich bin meiner Zeit manches Mal hinterher &#8211; so auch mit dem Adventskranz. ;-)<\/p>\n<p>Am Sonntag, dem 1. Advent habe ich ihn erstellt und gez\u00fcndet wurde er am n\u00e4chsten Tag. Es war zuviel los und der Sonntag war recht gem\u00e4chlich bei uns und ich nach all dem Trubel ziemlich k.o.<\/p>\n<p>Da mir die Kr\u00e4nze zu teuer waren und zudem nicht gefielen, ich noch einen Strohrohling zu Hause hatte, habe ich am Samstag kurzerhand Tannengr\u00fcn gekauft. Am tr\u00fcben grauen Sonntag band ich des Abends das Tannengr\u00fcn zu einem vollen, wundersch\u00f6nen, duftenden Kranz.<\/p>\n<div id=\"attachment_1746\" style=\"width: 630px\" class=\"wp-caption aligncenter\"><a href=\"https:\/\/i0.wp.com\/www.liebedesign.de\/wp-content\/uploads\/2015\/12\/IMG_5436.jpg\"><img data-recalc-dims=\"1\" loading=\"lazy\" decoding=\"async\" aria-describedby=\"caption-attachment-1746\" class=\"wp-image-1746 size-large\" src=\"https:\/\/i0.wp.com\/www.liebedesign.de\/wp-content\/uploads\/2015\/12\/IMG_5436-768x1024.jpg?resize=620%2C827\" alt=\"Omas Adventskr\u00e4nzchen\" width=\"620\" height=\"827\" srcset=\"https:\/\/i0.wp.com\/www.liebedesign.de\/wp-content\/uploads\/2015\/12\/IMG_5436.jpg?w=768&amp;ssl=1 768w, https:\/\/i0.wp.com\/www.liebedesign.de\/wp-content\/uploads\/2015\/12\/IMG_5436.jpg?resize=225%2C300&amp;ssl=1 225w\" sizes=\"auto, (max-width: 620px) 100vw, 620px\" \/><\/a><p id=\"caption-attachment-1746\" class=\"wp-caption-text\">\u00a9 Sara Liebe<\/p><\/div>\n<p>Desweiteren habe ich vier alte T\u00e4sschen gehabt, die ich mit Kleber an ihre Unterteller geklebt habe. Am besten nimmt man Porzellankleber oder in meinem Fall Sekundenkleber, letzteres \u00fcbersteht halt keine Geschirrsp\u00fclw\u00e4sche&#8230; ist hier aber auch nicht n\u00f6tig.<\/p>\n<p>Mit Hei\u00dfkleber habe ich die T\u00e4sschen an den Kranz geklebt und mit Schleifchen verziert. Dazu noch Fr\u00f6belsterne, die ich hatte und das Beste: die vier selbstgezogenen Kerzen vom Kind. Reine Bienenwachskerzen, die das Kind im Unterricht gezogen hat &#8211; die sind so toll und duften k\u00f6stlich!<\/p>\n<p>Ein sehr edler, schlichter Adventskranz.<\/p>\n<p>Flugs auf ein Metalltablett gestellt, damit der Tisch nicht leidet und seitdem erfreut uns der wundersch\u00f6ne Adventskranz mit seinem sch\u00f6nen Anblick!<\/p>\n<p>Oma bittet zum Adventskranz!<\/p>\n<p>Den erleuchten Kranz sollte man auf alle F\u00e4lle nicht unbeobachtet lassen.<\/p>\n<p>Vielleicht habt ihr auch mal Lust, n\u00e4chstes Jahr einen Adventskr\u00e4nzchen zu geben?<\/p>\n<div id=\"attachment_1749\" style=\"width: 630px\" class=\"wp-caption aligncenter\"><a href=\"https:\/\/i0.wp.com\/www.liebedesign.de\/wp-content\/uploads\/2015\/12\/IMG_5440.jpg\"><img data-recalc-dims=\"1\" loading=\"lazy\" decoding=\"async\" aria-describedby=\"caption-attachment-1749\" class=\"wp-image-1749 size-large\" src=\"https:\/\/i0.wp.com\/www.liebedesign.de\/wp-content\/uploads\/2015\/12\/IMG_5440-768x1024.jpg?resize=620%2C827\" alt=\"Omas Adventskr\u00e4nzchen\" width=\"620\" height=\"827\" srcset=\"https:\/\/i0.wp.com\/www.liebedesign.de\/wp-content\/uploads\/2015\/12\/IMG_5440.jpg?w=768&amp;ssl=1 768w, https:\/\/i0.wp.com\/www.liebedesign.de\/wp-content\/uploads\/2015\/12\/IMG_5440.jpg?resize=225%2C300&amp;ssl=1 225w\" sizes=\"auto, (max-width: 620px) 100vw, 620px\" \/><\/a><p id=\"caption-attachment-1749\" class=\"wp-caption-text\">\u00a9 Sara Liebe<\/p><\/div>\n<div id=\"attachment_1745\" style=\"width: 630px\" class=\"wp-caption aligncenter\"><a href=\"https:\/\/i0.wp.com\/www.liebedesign.de\/wp-content\/uploads\/2015\/12\/IMG_5435.jpg\"><img data-recalc-dims=\"1\" loading=\"lazy\" decoding=\"async\" aria-describedby=\"caption-attachment-1745\" class=\"size-large wp-image-1745\" src=\"https:\/\/i0.wp.com\/www.liebedesign.de\/wp-content\/uploads\/2015\/12\/IMG_5435-768x1024.jpg?resize=620%2C827\" alt=\"\u00a9 Sara Liebe\" width=\"620\" height=\"827\" srcset=\"https:\/\/i0.wp.com\/www.liebedesign.de\/wp-content\/uploads\/2015\/12\/IMG_5435.jpg?w=768&amp;ssl=1 768w, https:\/\/i0.wp.com\/www.liebedesign.de\/wp-content\/uploads\/2015\/12\/IMG_5435.jpg?resize=225%2C300&amp;ssl=1 225w\" sizes=\"auto, (max-width: 620px) 100vw, 620px\" \/><\/a><p id=\"caption-attachment-1745\" class=\"wp-caption-text\">\u00a9 Sara Liebe<\/p><\/div>\n<div id=\"attachment_1743\" style=\"width: 630px\" class=\"wp-caption aligncenter\"><a href=\"https:\/\/i0.wp.com\/www.liebedesign.de\/wp-content\/uploads\/2015\/12\/IMG_5433.jpg\"><img data-recalc-dims=\"1\" loading=\"lazy\" decoding=\"async\" aria-describedby=\"caption-attachment-1743\" class=\"wp-image-1743 size-large\" src=\"https:\/\/i0.wp.com\/www.liebedesign.de\/wp-content\/uploads\/2015\/12\/IMG_5433-1024x768.jpg?resize=620%2C465\" alt=\"Omas Adventskr\u00e4nzchen\" width=\"620\" height=\"465\" srcset=\"https:\/\/i0.wp.com\/www.liebedesign.de\/wp-content\/uploads\/2015\/12\/IMG_5433.jpg?w=1024&amp;ssl=1 1024w, https:\/\/i0.wp.com\/www.liebedesign.de\/wp-content\/uploads\/2015\/12\/IMG_5433.jpg?resize=300%2C225&amp;ssl=1 300w\" sizes=\"auto, (max-width: 620px) 100vw, 620px\" \/><\/a><p id=\"caption-attachment-1743\" class=\"wp-caption-text\">\u00a9 Sara Liebe<\/p><\/div>\n<p>Mein Beitrag f\u00fcr\u00a0<a title=\"creadienstag\" href=\"http:\/\/www.creadienstag.de\/\" target=\"_blank\">creadienstag,<\/a> <a title=\"creative jewish mom\" href=\"http:\/\/www.creativejewishmom.com\/\" target=\"_blank\">creative jewish mom<\/a>, <a href=\"http:\/\/kiddikram.blogspot.de\" target=\"_blank\">kiddikram<\/a>, <a href=\"http:\/\/www.pamelopee.de\" target=\"_blank\">pamelopee<\/a>, <a href=\"http:\/\/meertjes-stuff.blogspot.de\/2015\/11\/link-your-stuff_17.html\" target=\"_blank\">Meertje<\/a>, <a href=\"http:\/\/www.happyrecycling.blogspot.de\/p\/kids-corner.html\" target=\"_blank\">happyrecycling,<\/a> <a href=\"http:\/\/www.handmadeontuesday.blogspot.de\/\" target=\"_blank\">hand made on tuesday <\/a>, <a href=\"http:\/\/www.dienstagsdinge.blogspot.de\/\" target=\"_blank\">dienstagsdinge<\/a> und <a href=\"http:\/\/ladybug-blessings.com\/\" target=\"_blank\">Handmade Tuesdays<\/a>!<\/p>\n<p>&nbsp;<\/p>\n","protected":false},"excerpt":{"rendered":"<p>Ich bin meiner Zeit manches Mal hinterher &#8211; so auch mit dem Adventskranz. ;-) Am Sonntag, dem 1. Advent habe ich ihn erstellt und gez\u00fcndet wurde er am n\u00e4chsten Tag. Es war zuviel los und der Sonntag war recht gem\u00e4chlich &hellip; <a href=\"https:\/\/www.liebedesign.de\/?p=1750\">Weiterlesen <span class=\"meta-nav\">&rarr;<\/span><\/a><\/p>\n","protected":false},"author":1,"featured_media":0,"comment_status":"open","ping_status":"open","sticky":false,"template":"","format":"image","meta":{"advanced_seo_description":"","jetpack_seo_html_title":"","jetpack_seo_noindex":false,"jetpack_post_was_ever_published":false,"_jetpack_newsletter_access":"","_jetpack_dont_email_post_to_subs":false,"_jetpack_newsletter_tier_id":0,"_jetpack_memberships_contains_paywalled_content":false,"_jetpack_memberships_contains_paid_content":false,"footnotes":""},"categories":[33,17],"tags":[],"class_list":["post-1750","post","type-post","status-publish","format-image","hentry","category-diy","category-selber-kreativ-werden","post_format-post-format-image"],"jetpack_featured_media_url":"","jetpack_shortlink":"https:\/\/wp.me\/p5EgJb-se","jetpack_sharing_enabled":true,"jetpack-related-posts":[],"_links":{"self":[{"href":"https:\/\/www.liebedesign.de\/index.php?rest_route=\/wp\/v2\/posts\/1750","targetHints":{"allow":["GET"]}}],"collection":[{"href":"https:\/\/www.liebedesign.de\/index.php?rest_route=\/wp\/v2\/posts"}],"about":[{"href":"https:\/\/www.liebedesign.de\/index.php?rest_route=\/wp\/v2\/types\/post"}],"author":[{"embeddable":true,"href":"https:\/\/www.liebedesign.de\/index.php?rest_route=\/wp\/v2\/users\/1"}],"replies":[{"embeddable":true,"href":"https:\/\/www.liebedesign.de\/index.php?rest_route=%2Fwp%2Fv2%2Fcomments&post=1750"}],"version-history":[{"count":3,"href":"https:\/\/www.liebedesign.de\/index.php?rest_route=\/wp\/v2\/posts\/1750\/revisions"}],"predecessor-version":[{"id":1774,"href":"https:\/\/www.liebedesign.de\/index.php?rest_route=\/wp\/v2\/posts\/1750\/revisions\/1774"}],"wp:attachment":[{"href":"https:\/\/www.liebedesign.de\/index.php?rest_route=%2Fwp%2Fv2%2Fmedia&parent=1750"}],"wp:term":[{"taxonomy":"category","embeddable":true,"href":"https:\/\/www.liebedesign.de\/index.php?rest_route=%2Fwp%2Fv2%2Fcategories&post=1750"},{"taxonomy":"post_tag","embeddable":true,"href":"https:\/\/www.liebedesign.de\/index.php?rest_route=%2Fwp%2Fv2%2Ftags&post=1750"}],"curies":[{"name":"wp","href":"https:\/\/api.w.org\/{rel}","templated":true}]}}