{"id":1841,"date":"2016-01-08T13:18:10","date_gmt":"2016-01-08T13:18:10","guid":{"rendered":"http:\/\/www.liebedesign.de\/?p=1841"},"modified":"2016-01-08T13:18:10","modified_gmt":"2016-01-08T13:18:10","slug":"52-wochen","status":"publish","type":"post","link":"https:\/\/www.liebedesign.de\/?p=1841","title":{"rendered":"52 Wochen"},"content":{"rendered":"<div id=\"attachment_1844\" style=\"width: 630px\" class=\"wp-caption aligncenter\"><a href=\"https:\/\/i0.wp.com\/www.liebedesign.de\/wp-content\/uploads\/2016\/01\/IMG_5652.jpg\" rel=\"attachment wp-att-1844\"><img data-recalc-dims=\"1\" loading=\"lazy\" decoding=\"async\" aria-describedby=\"caption-attachment-1844\" class=\"size-large wp-image-1844\" src=\"https:\/\/i0.wp.com\/www.liebedesign.de\/wp-content\/uploads\/2016\/01\/IMG_5652-768x1024.jpg?resize=620%2C827\" alt=\"\u00a9 Sara Liebe\" width=\"620\" height=\"827\" srcset=\"https:\/\/i0.wp.com\/www.liebedesign.de\/wp-content\/uploads\/2016\/01\/IMG_5652.jpg?w=768&amp;ssl=1 768w, https:\/\/i0.wp.com\/www.liebedesign.de\/wp-content\/uploads\/2016\/01\/IMG_5652.jpg?resize=225%2C300&amp;ssl=1 225w\" sizes=\"auto, (max-width: 620px) 100vw, 620px\" \/><\/a><p id=\"caption-attachment-1844\" class=\"wp-caption-text\">\u00a9 Sara Liebe<\/p><\/div>\n<p>52 Wochen hat das Jahr. Und die wollte ich nutzen.<\/p>\n<div id=\"attachment_1836\" style=\"width: 630px\" class=\"wp-caption aligncenter\"><a href=\"https:\/\/i0.wp.com\/www.liebedesign.de\/wp-content\/uploads\/2016\/01\/IMG_5641.jpg\" rel=\"attachment wp-att-1836\"><img data-recalc-dims=\"1\" loading=\"lazy\" decoding=\"async\" aria-describedby=\"caption-attachment-1836\" class=\"size-large wp-image-1836\" src=\"https:\/\/i0.wp.com\/www.liebedesign.de\/wp-content\/uploads\/2016\/01\/IMG_5641-768x1024.jpg?resize=620%2C827\" alt=\"\u00a9 Sara Liebe\" width=\"620\" height=\"827\" srcset=\"https:\/\/i0.wp.com\/www.liebedesign.de\/wp-content\/uploads\/2016\/01\/IMG_5641.jpg?w=768&amp;ssl=1 768w, https:\/\/i0.wp.com\/www.liebedesign.de\/wp-content\/uploads\/2016\/01\/IMG_5641.jpg?resize=225%2C300&amp;ssl=1 225w\" sizes=\"auto, (max-width: 620px) 100vw, 620px\" \/><\/a><p id=\"caption-attachment-1836\" class=\"wp-caption-text\">\u00a9 Sara Liebe<\/p><\/div>\n<div id=\"attachment_1837\" style=\"width: 630px\" class=\"wp-caption aligncenter\"><a href=\"https:\/\/i0.wp.com\/www.liebedesign.de\/wp-content\/uploads\/2016\/01\/IMG_5642.jpg\" rel=\"attachment wp-att-1837\"><img data-recalc-dims=\"1\" loading=\"lazy\" decoding=\"async\" aria-describedby=\"caption-attachment-1837\" class=\"size-large wp-image-1837\" src=\"https:\/\/i0.wp.com\/www.liebedesign.de\/wp-content\/uploads\/2016\/01\/IMG_5642-768x1024.jpg?resize=620%2C827\" alt=\"\u00a9 Sara Liebe\" width=\"620\" height=\"827\" srcset=\"https:\/\/i0.wp.com\/www.liebedesign.de\/wp-content\/uploads\/2016\/01\/IMG_5642.jpg?w=768&amp;ssl=1 768w, https:\/\/i0.wp.com\/www.liebedesign.de\/wp-content\/uploads\/2016\/01\/IMG_5642.jpg?resize=225%2C300&amp;ssl=1 225w\" sizes=\"auto, (max-width: 620px) 100vw, 620px\" \/><\/a><p id=\"caption-attachment-1837\" class=\"wp-caption-text\">\u00a9 Sara Liebe<\/p><\/div>\n<p>Wie ihr seht, habe ich gewerkelt. Dieses Regal bereitete mir stets Kummer, da die Katzen es als ihren Lieblingsplatz auserkoren hatten. Jedes Regalfach, in unterschiedlich langer Dauer. Die Kinder waren nat\u00fcrlich sehr angetan von den leuchtenden Katzenaugen im Regal. \u2013 <em>Die m\u00fcssen wir doch da rausholen und schmusen&#8230;<\/em> gedacht &#8211; getan &#8211; Schwupps, Stoff raus. Stopf wieder rein und immer so weiter&#8230; bis es dann so aussah. Und wie das so ist mit dem M\u00fcllhaufen am Stra\u00dfenrand &#8211; er wurde immer gr\u00f6\u00dfer &#8211; bis es mir jetzt endlich reichte. Ich nahm mir die Zeit, dem Chaos ein Ende zu setzen!<\/p>\n<div id=\"attachment_1838\" style=\"width: 630px\" class=\"wp-caption aligncenter\"><a href=\"https:\/\/i0.wp.com\/www.liebedesign.de\/wp-content\/uploads\/2016\/01\/IMG_5643.jpg\" rel=\"attachment wp-att-1838\"><img data-recalc-dims=\"1\" loading=\"lazy\" decoding=\"async\" aria-describedby=\"caption-attachment-1838\" class=\"size-large wp-image-1838\" src=\"https:\/\/i0.wp.com\/www.liebedesign.de\/wp-content\/uploads\/2016\/01\/IMG_5643-768x1024.jpg?resize=620%2C827\" alt=\"\u00a9 Sara Liebe\" width=\"620\" height=\"827\" srcset=\"https:\/\/i0.wp.com\/www.liebedesign.de\/wp-content\/uploads\/2016\/01\/IMG_5643.jpg?w=768&amp;ssl=1 768w, https:\/\/i0.wp.com\/www.liebedesign.de\/wp-content\/uploads\/2016\/01\/IMG_5643.jpg?resize=225%2C300&amp;ssl=1 225w\" sizes=\"auto, (max-width: 620px) 100vw, 620px\" \/><\/a><p id=\"caption-attachment-1838\" class=\"wp-caption-text\">\u00a9 Sara Liebe<\/p><\/div>\n<p>Bis zum n\u00e4chsten Mal.<\/p>\n<p>Der Blog von <a href=\"http:\/\/fraeulein-ordnung.blogspot.de\/\" target=\"_blank\">Fr\u00e4ulein Ordnung<\/a> hatte mich schon vor einem Jahr entfacht und ich konnte es nicht fassen, wie konsequent <a href=\"http:\/\/fraeulein-ordnung.blogspot.de\/\" target=\"_blank\">Fr\u00e4ulein Ordnung<\/a> alias Denise vorgeht. Unglaublich bewundernswert. Leider habe ich nicht das Geld um sie einzuladen, habe es in Gedanken immer wieder getan und doch gedacht, ich w\u00fcrde es eh nicht tun, das w\u00e4re mir viel zu peinlich mein Chaos zu pr\u00e4sentieren&#8230; Hilfreich ist es aber mit Sicherheit und nun traue ich mich, euch die Fotos von meinem Chaos Regal zu zeigen. Ja, ich entspreche nicht dem Ideal, der aufger\u00e4umten Mustergrafikerin&#8230; ich bin eher der weibliche <a href=\"https:\/\/de.wikipedia.org\/wiki\/Horst_Janssen\" target=\"_blank\">Horst Janssen<\/a>, dessen Arbeitszimmer aussah, als h\u00e4tte eine Bombe eingeschlagen&#8230;<\/p>\n<p>Soll ich mich rausreden, mit: das hat aber mit Kreativit\u00e4t zu tun? Ich wei\u00df es nicht, jedenfalls habe ich viele Projekte auf dem Herzen, im Kopf, in Skizzenb\u00fcchern und derweil h\u00fcpfe ich zwischen Alltag und Kreativsein hin und her. Ich habe keine Ahnung, wie es die vielen anderen kreativen Frauen schaffen, mit Arbeit, Kindern, Haushalt, Familie, eigenen Ideen und Bed\u00fcrfnissen. Es ist und bleibt mir ein R\u00e4tsel.<\/p>\n<p>Ich will versuchen mich von all dem Perfekten nicht betr\u00fcben zu lassen und stets weiter meinen Weg\u00a0 zu gehen, der mit Sicherheit viel \u00c4hnlichkeit hat, wie mit einem meiner Lieblingsb\u00fccher <a href=\"http:\/\/www.amazon.de\/Paulas-Reisen-Bilderbuch-Paul-Maar\/dp\/3939944041\" target=\"_blank\">&#8222;Paulas Reisen&#8220;<\/a>. &#8222;&#8230; und sie f\u00e4llt und f\u00e4llt und f\u00e4llt und landet in der n\u00e4chsten Welt&#8230;&#8220;<\/p>\n<p>Ja, so geht\u00b4s mir.<\/p>\n<p>Aber weshalb ich das Regal aufr\u00e4ume hat auch noch einen anderen Sinn. Ich liebe Stoffe! Bekloppt, es gibt wahrlich Wichtigeres zu lieben, aber da h\u00e4ngt ein Teil meines Herzens dran und einige Stoffe schleppe ich schon seit Jahren mit mir rum&#8230; Und ich k\u00f6nnte immer neue Stoffe kaufen &#8211; aber, das hat wirklich wenig Sinn, denn was will ich um Himmelswillen mit all diesen Stoffen?<\/p>\n<p>Was d\u00b4raus n\u00e4hen.<\/p>\n<p>Ja. Das ist richtig. Deshalb habe ich mir vorgenommen, bei mir mal &#8222;shoppen&#8220; zu gehen. Immer mal etwas herzustellen und zwar jede Woche etwas, egal welcher Gr\u00f6\u00dfe. Denn die Stoffe habe ich ja nicht nur blind gekauft, sondern auch mit dem vielfachen Wunsch, etwas Sch\u00f6nes daraus zu zaubern.<\/p>\n<p>Das ist mein Vorsatz f\u00fcr dieses Jahr.<\/p>\n<p>Mal gucken, ob ich das hinbekomme&#8230; eine Woche ist schon rum, ohne das etwas geschehen w\u00e4re&#8230;<\/p>\n<p>Na, ich will mir mal nur ordentlich Mut zu sprechen.<\/p>\n<p>Deshalb vorab erst einmal die Sichtung meiner vielen Stoffe, von denen ich einige wenige aussortiert habe. Mit dem Resultat meines Regals und auch meiner Arbeitsr\u00e4ume bin ich hochzufrieden. Endlich kann ich durch atmen. Raum um Projekte zu verwirklichen. Denn mich hat das Chaos innerlich echt behindert. Umso stolzer bin ich auf mich, es Dank dem inhaltlichen Anstupser von <a href=\"http:\/\/fraeulein-ordnung.blogspot.de\/\" target=\"_blank\">Fr\u00e4ulein Ordnung<\/a> alleine hinbekommen zu haben. Sie h\u00e4tte mit Sicherheit noch viele gute Tipps, w\u00e4re sie hier in meinen R\u00e4umen. Aber jedem Zauber wohnt ein Anfang inne, gell?<\/p>\n<p>Lassen wir uns also \u00fcberraschen, wie\u00b4s mit den 52 Wochen weitergeht&#8230;<\/p>\n<div id=\"attachment_1844\" style=\"width: 630px\" class=\"wp-caption aligncenter\"><a href=\"https:\/\/i0.wp.com\/www.liebedesign.de\/wp-content\/uploads\/2016\/01\/IMG_5652.jpg\" rel=\"attachment wp-att-1844\"><img data-recalc-dims=\"1\" loading=\"lazy\" decoding=\"async\" aria-describedby=\"caption-attachment-1844\" class=\"size-large wp-image-1844\" src=\"https:\/\/i0.wp.com\/www.liebedesign.de\/wp-content\/uploads\/2016\/01\/IMG_5652-768x1024.jpg?resize=620%2C827\" alt=\"\u00a9 Sara Liebe\" width=\"620\" height=\"827\" srcset=\"https:\/\/i0.wp.com\/www.liebedesign.de\/wp-content\/uploads\/2016\/01\/IMG_5652.jpg?w=768&amp;ssl=1 768w, https:\/\/i0.wp.com\/www.liebedesign.de\/wp-content\/uploads\/2016\/01\/IMG_5652.jpg?resize=225%2C300&amp;ssl=1 225w\" sizes=\"auto, (max-width: 620px) 100vw, 620px\" \/><\/a><p id=\"caption-attachment-1844\" class=\"wp-caption-text\">\u00a9 Sara Liebe<\/p><\/div>\n<div id=\"attachment_1845\" style=\"width: 630px\" class=\"wp-caption aligncenter\"><a href=\"https:\/\/i0.wp.com\/www.liebedesign.de\/wp-content\/uploads\/2016\/01\/IMG_5653.jpg\" rel=\"attachment wp-att-1845\"><img data-recalc-dims=\"1\" loading=\"lazy\" decoding=\"async\" aria-describedby=\"caption-attachment-1845\" class=\"size-large wp-image-1845\" src=\"https:\/\/i0.wp.com\/www.liebedesign.de\/wp-content\/uploads\/2016\/01\/IMG_5653-768x1024.jpg?resize=620%2C827\" alt=\"\u00a9 Sara Liebe\" width=\"620\" height=\"827\" srcset=\"https:\/\/i0.wp.com\/www.liebedesign.de\/wp-content\/uploads\/2016\/01\/IMG_5653.jpg?w=768&amp;ssl=1 768w, https:\/\/i0.wp.com\/www.liebedesign.de\/wp-content\/uploads\/2016\/01\/IMG_5653.jpg?resize=225%2C300&amp;ssl=1 225w\" sizes=\"auto, (max-width: 620px) 100vw, 620px\" \/><\/a><p id=\"caption-attachment-1845\" class=\"wp-caption-text\">\u00a9 Sara Liebe<\/p><\/div>\n","protected":false},"excerpt":{"rendered":"<p>52 Wochen hat das Jahr. Und die wollte ich nutzen. Wie ihr seht, habe ich gewerkelt. Dieses Regal bereitete mir stets Kummer, da die Katzen es als ihren Lieblingsplatz auserkoren hatten. Jedes Regalfach, in unterschiedlich langer Dauer. Die Kinder waren &hellip; <a href=\"https:\/\/www.liebedesign.de\/?p=1841\">Weiterlesen <span class=\"meta-nav\">&rarr;<\/span><\/a><\/p>\n","protected":false},"author":1,"featured_media":0,"comment_status":"open","ping_status":"open","sticky":false,"template":"","format":"image","meta":{"advanced_seo_description":"","jetpack_seo_html_title":"","jetpack_seo_noindex":false,"jetpack_post_was_ever_published":false,"_jetpack_newsletter_access":"","_jetpack_dont_email_post_to_subs":false,"_jetpack_newsletter_tier_id":0,"_jetpack_memberships_contains_paywalled_content":false,"_jetpack_memberships_contains_paid_content":false,"footnotes":""},"categories":[35,1,10],"tags":[],"class_list":["post-1841","post","type-post","status-publish","format-image","hentry","category-52-wochen","category-allgemein","category-impressionen","post_format-post-format-image"],"jetpack_featured_media_url":"","jetpack_shortlink":"https:\/\/wp.me\/p5EgJb-tH","jetpack_sharing_enabled":true,"jetpack-related-posts":[],"_links":{"self":[{"href":"https:\/\/www.liebedesign.de\/index.php?rest_route=\/wp\/v2\/posts\/1841","targetHints":{"allow":["GET"]}}],"collection":[{"href":"https:\/\/www.liebedesign.de\/index.php?rest_route=\/wp\/v2\/posts"}],"about":[{"href":"https:\/\/www.liebedesign.de\/index.php?rest_route=\/wp\/v2\/types\/post"}],"author":[{"embeddable":true,"href":"https:\/\/www.liebedesign.de\/index.php?rest_route=\/wp\/v2\/users\/1"}],"replies":[{"embeddable":true,"href":"https:\/\/www.liebedesign.de\/index.php?rest_route=%2Fwp%2Fv2%2Fcomments&post=1841"}],"version-history":[{"count":4,"href":"https:\/\/www.liebedesign.de\/index.php?rest_route=\/wp\/v2\/posts\/1841\/revisions"}],"predecessor-version":[{"id":1849,"href":"https:\/\/www.liebedesign.de\/index.php?rest_route=\/wp\/v2\/posts\/1841\/revisions\/1849"}],"wp:attachment":[{"href":"https:\/\/www.liebedesign.de\/index.php?rest_route=%2Fwp%2Fv2%2Fmedia&parent=1841"}],"wp:term":[{"taxonomy":"category","embeddable":true,"href":"https:\/\/www.liebedesign.de\/index.php?rest_route=%2Fwp%2Fv2%2Fcategories&post=1841"},{"taxonomy":"post_tag","embeddable":true,"href":"https:\/\/www.liebedesign.de\/index.php?rest_route=%2Fwp%2Fv2%2Ftags&post=1841"}],"curies":[{"name":"wp","href":"https:\/\/api.w.org\/{rel}","templated":true}]}}