{"id":1965,"date":"2016-01-24T22:29:54","date_gmt":"2016-01-24T22:29:54","guid":{"rendered":"http:\/\/www.liebedesign.de\/?p=1965"},"modified":"2016-01-24T22:29:54","modified_gmt":"2016-01-24T22:29:54","slug":"52-wochen-3-woche","status":"publish","type":"post","link":"https:\/\/www.liebedesign.de\/?p=1965","title":{"rendered":"52 Wochen &#8211; 3. Woche"},"content":{"rendered":"<div id=\"attachment_1966\" style=\"width: 630px\" class=\"wp-caption aligncenter\"><a href=\"https:\/\/i0.wp.com\/www.liebedesign.de\/wp-content\/uploads\/2016\/01\/IMG_5791.jpg\" rel=\"attachment wp-att-1966\"><img data-recalc-dims=\"1\" loading=\"lazy\" decoding=\"async\" aria-describedby=\"caption-attachment-1966\" class=\"size-large wp-image-1966\" src=\"https:\/\/i0.wp.com\/www.liebedesign.de\/wp-content\/uploads\/2016\/01\/IMG_5791-1024x768.jpg?resize=620%2C465\" alt=\"\u00a9 Sara Liebe\" width=\"620\" height=\"465\" srcset=\"https:\/\/i0.wp.com\/www.liebedesign.de\/wp-content\/uploads\/2016\/01\/IMG_5791.jpg?w=1024&amp;ssl=1 1024w, https:\/\/i0.wp.com\/www.liebedesign.de\/wp-content\/uploads\/2016\/01\/IMG_5791.jpg?resize=300%2C225&amp;ssl=1 300w, https:\/\/i0.wp.com\/www.liebedesign.de\/wp-content\/uploads\/2016\/01\/IMG_5791.jpg?resize=768%2C576&amp;ssl=1 768w\" sizes=\"auto, (max-width: 620px) 100vw, 620px\" \/><\/a><p id=\"caption-attachment-1966\" class=\"wp-caption-text\">\u00a9 Sara Liebe<\/p><\/div>\n<p>Hier wieder eines meiner 52 Wochen Projekte &#8211; wie minimiere ich mein Stoffregal.<\/p>\n<p>Von den bisherigen Aktionen ist noch \u00fcberhaupt nichts in meinem Regal zu sp\u00fcren&#8230; aber nun denn, was sch\u00f6n daran ist, dass ich auch mal Projekte in Angriff nehme, die ich sonst immer vor mir her geschoben habe.<\/p>\n<p>Diese h\u00e4\u00dflichen Kissen sind mal samt einem alten Sessel auf mich gekommen. Der Sessel ist schon wieder aus dem Haus, da ich f\u00fcr das Aufpolstern kein Geld hatte und ihn nicht l\u00e4nger bei mir stehen haben wollte. Die Kissen blieben einsam zur\u00fcck. Bisher habe ich sie immer im Atelier als Sitzkissen f\u00fcr die Bierb\u00e4nke verwendet, fand sie aber immer ausgesprochen gruselig. Nun haben sie endlich ein sch\u00f6nes Gewand und ich muss mich ihrer nicht mehr sch\u00e4men.<\/p>\n<p>Den Sterne-Stoff habe ich mal bei <a href=\"http:\/\/www.stoffundstil.de\/\" target=\"_blank\">Stoff &amp; Stil<\/a> gekauft, eigentlich ideal geeignet f\u00fcr Taschen. F\u00fcr Kissen weniger, da er so grob und steif ist und keine haptisch, sch\u00f6ne Oberfl\u00e4che hat. Mir soll\u00b4s recht sein, so brauche ich keine Sorge vor Farbflecken zu haben, die werden die Kissen erst recht interessant gestalten. F\u00fcr diese Zwecke ist er also passend. Sieht sch\u00f6n aus und es wird spannend, wie sich die Kissen farblich entwickeln werden. Die Bierb\u00e4nke sind schon farbig \u00e4u\u00dferst bunt gestaltet&#8230;<\/p>\n<p>\u2013 Durch den Hotelverschluss waren die Kissen flott gen\u00e4ht und h\u00fcbschen jetzt das Atelier auf! Molto bene!<\/p>\n<div id=\"attachment_1967\" style=\"width: 630px\" class=\"wp-caption aligncenter\"><a href=\"https:\/\/i0.wp.com\/www.liebedesign.de\/wp-content\/uploads\/2016\/01\/IMG_5794.jpg\" rel=\"attachment wp-att-1967\"><img data-recalc-dims=\"1\" loading=\"lazy\" decoding=\"async\" aria-describedby=\"caption-attachment-1967\" class=\"size-large wp-image-1967\" src=\"https:\/\/i0.wp.com\/www.liebedesign.de\/wp-content\/uploads\/2016\/01\/IMG_5794-768x1024.jpg?resize=620%2C827\" alt=\"\u00a9 Sara Liebe\" width=\"620\" height=\"827\" srcset=\"https:\/\/i0.wp.com\/www.liebedesign.de\/wp-content\/uploads\/2016\/01\/IMG_5794.jpg?w=768&amp;ssl=1 768w, https:\/\/i0.wp.com\/www.liebedesign.de\/wp-content\/uploads\/2016\/01\/IMG_5794.jpg?resize=225%2C300&amp;ssl=1 225w\" sizes=\"auto, (max-width: 620px) 100vw, 620px\" \/><\/a><p id=\"caption-attachment-1967\" class=\"wp-caption-text\">\u00a9 Sara Liebe<\/p><\/div>\n<div id=\"attachment_1968\" style=\"width: 630px\" class=\"wp-caption aligncenter\"><a href=\"https:\/\/i0.wp.com\/www.liebedesign.de\/wp-content\/uploads\/2016\/01\/IMG_5799.jpg\" rel=\"attachment wp-att-1968\"><img data-recalc-dims=\"1\" loading=\"lazy\" decoding=\"async\" aria-describedby=\"caption-attachment-1968\" class=\"size-large wp-image-1968\" src=\"https:\/\/i0.wp.com\/www.liebedesign.de\/wp-content\/uploads\/2016\/01\/IMG_5799-1024x768.jpg?resize=620%2C465\" alt=\"\u00a9 Sara Liebe\" width=\"620\" height=\"465\" srcset=\"https:\/\/i0.wp.com\/www.liebedesign.de\/wp-content\/uploads\/2016\/01\/IMG_5799.jpg?w=1024&amp;ssl=1 1024w, https:\/\/i0.wp.com\/www.liebedesign.de\/wp-content\/uploads\/2016\/01\/IMG_5799.jpg?resize=300%2C225&amp;ssl=1 300w, https:\/\/i0.wp.com\/www.liebedesign.de\/wp-content\/uploads\/2016\/01\/IMG_5799.jpg?resize=768%2C576&amp;ssl=1 768w\" sizes=\"auto, (max-width: 620px) 100vw, 620px\" \/><\/a><p id=\"caption-attachment-1968\" class=\"wp-caption-text\">\u00a9 Sara Liebe<\/p><\/div>\n<div id=\"attachment_1970\" style=\"width: 630px\" class=\"wp-caption aligncenter\"><a href=\"https:\/\/i0.wp.com\/www.liebedesign.de\/wp-content\/uploads\/2016\/01\/IMG_5804.jpg\" rel=\"attachment wp-att-1970\"><img data-recalc-dims=\"1\" loading=\"lazy\" decoding=\"async\" aria-describedby=\"caption-attachment-1970\" class=\"size-large wp-image-1970\" src=\"https:\/\/i0.wp.com\/www.liebedesign.de\/wp-content\/uploads\/2016\/01\/IMG_5804-1024x768.jpg?resize=620%2C465\" alt=\"\u00a9 Sara Liebe\" width=\"620\" height=\"465\" srcset=\"https:\/\/i0.wp.com\/www.liebedesign.de\/wp-content\/uploads\/2016\/01\/IMG_5804.jpg?w=1024&amp;ssl=1 1024w, https:\/\/i0.wp.com\/www.liebedesign.de\/wp-content\/uploads\/2016\/01\/IMG_5804.jpg?resize=300%2C225&amp;ssl=1 300w, https:\/\/i0.wp.com\/www.liebedesign.de\/wp-content\/uploads\/2016\/01\/IMG_5804.jpg?resize=768%2C576&amp;ssl=1 768w\" sizes=\"auto, (max-width: 620px) 100vw, 620px\" \/><\/a><p id=\"caption-attachment-1970\" class=\"wp-caption-text\">\u00a9 Sara Liebe<\/p><\/div>\n<div id=\"attachment_1974\" style=\"width: 630px\" class=\"wp-caption aligncenter\"><a href=\"https:\/\/i0.wp.com\/www.liebedesign.de\/wp-content\/uploads\/2016\/01\/IMG_5803.jpg\" rel=\"attachment wp-att-1974\"><img data-recalc-dims=\"1\" loading=\"lazy\" decoding=\"async\" aria-describedby=\"caption-attachment-1974\" class=\"size-large wp-image-1974\" src=\"https:\/\/i0.wp.com\/www.liebedesign.de\/wp-content\/uploads\/2016\/01\/IMG_5803-1024x768.jpg?resize=620%2C465\" alt=\"\u00a9 Sara Liebe\" width=\"620\" height=\"465\" srcset=\"https:\/\/i0.wp.com\/www.liebedesign.de\/wp-content\/uploads\/2016\/01\/IMG_5803.jpg?w=1024&amp;ssl=1 1024w, https:\/\/i0.wp.com\/www.liebedesign.de\/wp-content\/uploads\/2016\/01\/IMG_5803.jpg?resize=300%2C225&amp;ssl=1 300w, https:\/\/i0.wp.com\/www.liebedesign.de\/wp-content\/uploads\/2016\/01\/IMG_5803.jpg?resize=768%2C576&amp;ssl=1 768w\" sizes=\"auto, (max-width: 620px) 100vw, 620px\" \/><\/a><p id=\"caption-attachment-1974\" class=\"wp-caption-text\">\u00a9 Sara Liebe<\/p><\/div>\n<div id=\"attachment_1971\" style=\"width: 630px\" class=\"wp-caption aligncenter\"><a href=\"https:\/\/i0.wp.com\/www.liebedesign.de\/wp-content\/uploads\/2016\/01\/IMG_5805.jpg\" rel=\"attachment wp-att-1971\"><img data-recalc-dims=\"1\" loading=\"lazy\" decoding=\"async\" aria-describedby=\"caption-attachment-1971\" class=\"size-large wp-image-1971\" src=\"https:\/\/i0.wp.com\/www.liebedesign.de\/wp-content\/uploads\/2016\/01\/IMG_5805-768x1024.jpg?resize=620%2C827\" alt=\"\u00a9 Sara Liebe\" width=\"620\" height=\"827\" srcset=\"https:\/\/i0.wp.com\/www.liebedesign.de\/wp-content\/uploads\/2016\/01\/IMG_5805.jpg?w=768&amp;ssl=1 768w, https:\/\/i0.wp.com\/www.liebedesign.de\/wp-content\/uploads\/2016\/01\/IMG_5805.jpg?resize=225%2C300&amp;ssl=1 225w\" sizes=\"auto, (max-width: 620px) 100vw, 620px\" \/><\/a><p id=\"caption-attachment-1971\" class=\"wp-caption-text\">\u00a9 Sara Liebe<\/p><\/div>\n<p>Noch ein Einblick in einen meiner Samstagskurse: Leinwand wurde selber bespannt und grundiert, ein Motiv gesucht, was gef\u00e4llt und nun mit Acryl-Farben umgesetzt. Es ist spannend dabei zuzusehen, wie sich jemand frei malt. Ich freue mich, wenn es Stille wird und man sich ganz in die Arbeit vertieft.<\/p>\n<div id=\"attachment_1972\" style=\"width: 630px\" class=\"wp-caption aligncenter\"><a href=\"https:\/\/i0.wp.com\/www.liebedesign.de\/wp-content\/uploads\/2016\/01\/IMG_5793.jpg\" rel=\"attachment wp-att-1972\"><img data-recalc-dims=\"1\" loading=\"lazy\" decoding=\"async\" aria-describedby=\"caption-attachment-1972\" class=\"size-large wp-image-1972\" src=\"https:\/\/i0.wp.com\/www.liebedesign.de\/wp-content\/uploads\/2016\/01\/IMG_5793-768x1024.jpg?resize=620%2C827\" alt=\"\u00a9 Sara Liebe\" width=\"620\" height=\"827\" srcset=\"https:\/\/i0.wp.com\/www.liebedesign.de\/wp-content\/uploads\/2016\/01\/IMG_5793.jpg?w=768&amp;ssl=1 768w, https:\/\/i0.wp.com\/www.liebedesign.de\/wp-content\/uploads\/2016\/01\/IMG_5793.jpg?resize=225%2C300&amp;ssl=1 225w\" sizes=\"auto, (max-width: 620px) 100vw, 620px\" \/><\/a><p id=\"caption-attachment-1972\" class=\"wp-caption-text\">\u00a9 Sara Liebe<\/p><\/div>\n<div id=\"attachment_1973\" style=\"width: 630px\" class=\"wp-caption aligncenter\"><a href=\"https:\/\/i0.wp.com\/www.liebedesign.de\/wp-content\/uploads\/2016\/01\/IMG_5797.jpg\" rel=\"attachment wp-att-1973\"><img data-recalc-dims=\"1\" loading=\"lazy\" decoding=\"async\" aria-describedby=\"caption-attachment-1973\" class=\"size-large wp-image-1973\" src=\"https:\/\/i0.wp.com\/www.liebedesign.de\/wp-content\/uploads\/2016\/01\/IMG_5797-768x1024.jpg?resize=620%2C827\" alt=\"\u00a9 Sara Liebe\" width=\"620\" height=\"827\" srcset=\"https:\/\/i0.wp.com\/www.liebedesign.de\/wp-content\/uploads\/2016\/01\/IMG_5797.jpg?w=768&amp;ssl=1 768w, https:\/\/i0.wp.com\/www.liebedesign.de\/wp-content\/uploads\/2016\/01\/IMG_5797.jpg?resize=225%2C300&amp;ssl=1 225w\" sizes=\"auto, (max-width: 620px) 100vw, 620px\" \/><\/a><p id=\"caption-attachment-1973\" class=\"wp-caption-text\">\u00a9 Sara Liebe<\/p><\/div>\n","protected":false},"excerpt":{"rendered":"<p>Hier wieder eines meiner 52 Wochen Projekte &#8211; wie minimiere ich mein Stoffregal. Von den bisherigen Aktionen ist noch \u00fcberhaupt nichts in meinem Regal zu sp\u00fcren&#8230; aber nun denn, was sch\u00f6n daran ist, dass ich auch mal Projekte in Angriff &hellip; <a href=\"https:\/\/www.liebedesign.de\/?p=1965\">Weiterlesen <span class=\"meta-nav\">&rarr;<\/span><\/a><\/p>\n","protected":false},"author":1,"featured_media":0,"comment_status":"open","ping_status":"open","sticky":false,"template":"","format":"image","meta":{"advanced_seo_description":"","jetpack_seo_html_title":"","jetpack_seo_noindex":false,"jetpack_post_was_ever_published":false,"_jetpack_newsletter_access":"","_jetpack_dont_email_post_to_subs":false,"_jetpack_newsletter_tier_id":0,"_jetpack_memberships_contains_paywalled_content":false,"_jetpack_memberships_contains_paid_content":false,"footnotes":""},"categories":[35,1,25],"tags":[],"class_list":["post-1965","post","type-post","status-publish","format-image","hentry","category-52-wochen","category-allgemein","category-genaehtes","post_format-post-format-image"],"jetpack_featured_media_url":"","jetpack_shortlink":"https:\/\/wp.me\/p5EgJb-vH","jetpack_sharing_enabled":true,"jetpack-related-posts":[],"_links":{"self":[{"href":"https:\/\/www.liebedesign.de\/index.php?rest_route=\/wp\/v2\/posts\/1965","targetHints":{"allow":["GET"]}}],"collection":[{"href":"https:\/\/www.liebedesign.de\/index.php?rest_route=\/wp\/v2\/posts"}],"about":[{"href":"https:\/\/www.liebedesign.de\/index.php?rest_route=\/wp\/v2\/types\/post"}],"author":[{"embeddable":true,"href":"https:\/\/www.liebedesign.de\/index.php?rest_route=\/wp\/v2\/users\/1"}],"replies":[{"embeddable":true,"href":"https:\/\/www.liebedesign.de\/index.php?rest_route=%2Fwp%2Fv2%2Fcomments&post=1965"}],"version-history":[{"count":4,"href":"https:\/\/www.liebedesign.de\/index.php?rest_route=\/wp\/v2\/posts\/1965\/revisions"}],"predecessor-version":[{"id":1979,"href":"https:\/\/www.liebedesign.de\/index.php?rest_route=\/wp\/v2\/posts\/1965\/revisions\/1979"}],"wp:attachment":[{"href":"https:\/\/www.liebedesign.de\/index.php?rest_route=%2Fwp%2Fv2%2Fmedia&parent=1965"}],"wp:term":[{"taxonomy":"category","embeddable":true,"href":"https:\/\/www.liebedesign.de\/index.php?rest_route=%2Fwp%2Fv2%2Fcategories&post=1965"},{"taxonomy":"post_tag","embeddable":true,"href":"https:\/\/www.liebedesign.de\/index.php?rest_route=%2Fwp%2Fv2%2Ftags&post=1965"}],"curies":[{"name":"wp","href":"https:\/\/api.w.org\/{rel}","templated":true}]}}