{"id":2130,"date":"2016-04-12T05:32:59","date_gmt":"2016-04-12T05:32:59","guid":{"rendered":"http:\/\/www.liebedesign.de\/?p=2130"},"modified":"2016-04-12T05:54:16","modified_gmt":"2016-04-12T05:54:16","slug":"52-wochen-8-woche","status":"publish","type":"post","link":"https:\/\/www.liebedesign.de\/?p=2130","title":{"rendered":"52. Wochen &#8211; 8. Woche"},"content":{"rendered":"<h1><span style=\"color: #800080;\">R <\/span><span style=\"color: #cc99ff;\">E <\/span><span style=\"color: #333399;\">G <\/span><span style=\"color: #00ccff;\">E <\/span><span style=\"color: #008000;\">N <\/span><span style=\"color: #99cc00;\">B <\/span><span style=\"color: #ff0000;\">O <\/span><span style=\"color: #ff6600;\">G <\/span><span style=\"color: #ffcc00;\">E <\/span><span style=\"color: #ffff00;\">N<\/span><\/h1>\n<p>Irgendwie bin ich derzeit auf Farbe gepolt. Vielleicht weil die Kristalle das Licht so sch\u00f6n brechen, da endlich, endlich die Sonne scheint und es warm wird. Eigentlich freue ich mich \u00fcber jede Jahreszeit und habe keinen wirklichen Favoriten. Doch dieses Mal sehne ich mich sehr nach Sonne und W\u00e4rme, Licht, Farbe und einhergehender Fr\u00f6hlichkeit. Vielleicht weil der Winter so gar nichts hatte, v\u00f6llig farblos, v\u00f6llig ohne Temperaturschwankungen Richtung Minus, ein absoluter Langweiler?<\/p>\n<div id=\"attachment_2133\" style=\"width: 630px\" class=\"wp-caption aligncenter\"><a href=\"https:\/\/i0.wp.com\/www.liebedesign.de\/wp-content\/uploads\/2016\/04\/IMG_6472.jpg\" rel=\"attachment wp-att-2133\"><img data-recalc-dims=\"1\" loading=\"lazy\" decoding=\"async\" aria-describedby=\"caption-attachment-2133\" class=\"size-large wp-image-2133\" src=\"https:\/\/i0.wp.com\/www.liebedesign.de\/wp-content\/uploads\/2016\/04\/IMG_6472-1024x768.jpg?resize=620%2C465\" alt=\"\u00a9 Sara Liebe\" width=\"620\" height=\"465\" srcset=\"https:\/\/i0.wp.com\/www.liebedesign.de\/wp-content\/uploads\/2016\/04\/IMG_6472.jpg?w=1024&amp;ssl=1 1024w, https:\/\/i0.wp.com\/www.liebedesign.de\/wp-content\/uploads\/2016\/04\/IMG_6472.jpg?resize=300%2C225&amp;ssl=1 300w, https:\/\/i0.wp.com\/www.liebedesign.de\/wp-content\/uploads\/2016\/04\/IMG_6472.jpg?resize=768%2C576&amp;ssl=1 768w\" sizes=\"auto, (max-width: 620px) 100vw, 620px\" \/><\/a><p id=\"caption-attachment-2133\" class=\"wp-caption-text\">\u00a9 Sara Liebe<\/p><\/div>\n<p>Da mu\u00dften ein paar Stoffe im Regal diesen miserablen langweiligen Winter vertreiben und ich habe daraus einen bunten L\u00e4ufer f\u00fcr den Tisch gezaubert.<\/p>\n<p>Eine wilde Mischung, aber ich dachte mir, dass muss jetzt sein. Und wie\u00b4s immer bei mir ist &#8211; free style!<\/p>\n<p>\u00c4hm, Augenma\u00df &#8211; als ich jetzt in HH war, habe ich eines meiner ersten N\u00e4hst\u00fccke gefunden, was soll ich sagen, die Idee z\u00e4hlt. Mache mal davon ein Foto, denn den h\u00fcbschen Rock, will ich mir doch rahmen. Mein Ausflug in Richtung Punk&#8230; ich wei\u00df noch ganz genau, wie mein Vater reagiert hat. ;-) Meine Mutter fand\u00b4s ganz lustig. Drei\u00dfig Jahre her.<\/p>\n<p>Aber hier ist eindeutig der Hippie bei mir durchgekommen. Bunt, frei und wild. Ist eigentlich auch Punk.<\/p>\n<p>Ach, is\u00b4doch egal, das Leben lieben, gell?!<\/p>\n<div id=\"attachment_2136\" style=\"width: 630px\" class=\"wp-caption aligncenter\"><a href=\"https:\/\/i0.wp.com\/www.liebedesign.de\/wp-content\/uploads\/2016\/04\/IMG_6482.jpg\" rel=\"attachment wp-att-2136\"><img data-recalc-dims=\"1\" loading=\"lazy\" decoding=\"async\" aria-describedby=\"caption-attachment-2136\" class=\"size-large wp-image-2136\" src=\"https:\/\/i0.wp.com\/www.liebedesign.de\/wp-content\/uploads\/2016\/04\/IMG_6482-1024x768.jpg?resize=620%2C465\" alt=\"\u00a9 Sara Liebe\" width=\"620\" height=\"465\" srcset=\"https:\/\/i0.wp.com\/www.liebedesign.de\/wp-content\/uploads\/2016\/04\/IMG_6482.jpg?w=1024&amp;ssl=1 1024w, https:\/\/i0.wp.com\/www.liebedesign.de\/wp-content\/uploads\/2016\/04\/IMG_6482.jpg?resize=300%2C225&amp;ssl=1 300w, https:\/\/i0.wp.com\/www.liebedesign.de\/wp-content\/uploads\/2016\/04\/IMG_6482.jpg?resize=768%2C576&amp;ssl=1 768w\" sizes=\"auto, (max-width: 620px) 100vw, 620px\" \/><\/a><p id=\"caption-attachment-2136\" class=\"wp-caption-text\">\u00a9 Sara Liebe<\/p><\/div>\n<div id=\"attachment_2134\" style=\"width: 630px\" class=\"wp-caption aligncenter\"><a href=\"https:\/\/i0.wp.com\/www.liebedesign.de\/wp-content\/uploads\/2016\/04\/IMG_6474.jpg\" rel=\"attachment wp-att-2134\"><img data-recalc-dims=\"1\" loading=\"lazy\" decoding=\"async\" aria-describedby=\"caption-attachment-2134\" class=\"size-large wp-image-2134\" src=\"https:\/\/i0.wp.com\/www.liebedesign.de\/wp-content\/uploads\/2016\/04\/IMG_6474-1024x768.jpg?resize=620%2C465\" alt=\"\u00a9 Sara Liebe\" width=\"620\" height=\"465\" srcset=\"https:\/\/i0.wp.com\/www.liebedesign.de\/wp-content\/uploads\/2016\/04\/IMG_6474.jpg?w=1024&amp;ssl=1 1024w, https:\/\/i0.wp.com\/www.liebedesign.de\/wp-content\/uploads\/2016\/04\/IMG_6474.jpg?resize=300%2C225&amp;ssl=1 300w, https:\/\/i0.wp.com\/www.liebedesign.de\/wp-content\/uploads\/2016\/04\/IMG_6474.jpg?resize=768%2C576&amp;ssl=1 768w\" sizes=\"auto, (max-width: 620px) 100vw, 620px\" \/><\/a><p id=\"caption-attachment-2134\" class=\"wp-caption-text\">\u00a9 Sara Liebe<\/p><\/div>\n<p>Das Bild links hat eine Kursteilnehmerin von mir gemalt, die nun einige Jahre bei mir ist. Damals war sie 10 Jahre alt und hat einen gro\u00dfen Meister nach gemalt, sehr gut gelungen, findet ihr nicht? Mich scheint das Bild jedenfalls sehr inspiriert zu haben, denn zuf\u00e4llig habe ich die Stoffe unbewu\u00dft nach den Farben im Bild ausgesucht.<\/p>\n<p>Sie hat das Bild mit Firnis versiegelt, zum Schutz der Farben. Damals haben die Kinder auch die Leinw\u00e4nde selber bespannt. Es war ein ziemlich gro\u00dfes und langes Projekt \u2013 es hat sich gelohnt!<\/p>\n<div id=\"attachment_2135\" style=\"width: 630px\" class=\"wp-caption aligncenter\"><a href=\"https:\/\/i0.wp.com\/www.liebedesign.de\/wp-content\/uploads\/2016\/04\/IMG_6475.jpg\" rel=\"attachment wp-att-2135\"><img data-recalc-dims=\"1\" loading=\"lazy\" decoding=\"async\" aria-describedby=\"caption-attachment-2135\" class=\"size-large wp-image-2135\" src=\"https:\/\/i0.wp.com\/www.liebedesign.de\/wp-content\/uploads\/2016\/04\/IMG_6475-1024x768.jpg?resize=620%2C465\" alt=\"\u00a9 Sara Liebe\" width=\"620\" height=\"465\" srcset=\"https:\/\/i0.wp.com\/www.liebedesign.de\/wp-content\/uploads\/2016\/04\/IMG_6475.jpg?w=1024&amp;ssl=1 1024w, https:\/\/i0.wp.com\/www.liebedesign.de\/wp-content\/uploads\/2016\/04\/IMG_6475.jpg?resize=300%2C225&amp;ssl=1 300w, https:\/\/i0.wp.com\/www.liebedesign.de\/wp-content\/uploads\/2016\/04\/IMG_6475.jpg?resize=768%2C576&amp;ssl=1 768w\" sizes=\"auto, (max-width: 620px) 100vw, 620px\" \/><\/a><p id=\"caption-attachment-2135\" class=\"wp-caption-text\">\u00a9 Sara Liebe<\/p><\/div>\n<div id=\"attachment_2137\" style=\"width: 630px\" class=\"wp-caption aligncenter\"><a href=\"https:\/\/i0.wp.com\/www.liebedesign.de\/wp-content\/uploads\/2016\/04\/IMG_6484.jpg\" rel=\"attachment wp-att-2137\"><img data-recalc-dims=\"1\" loading=\"lazy\" decoding=\"async\" aria-describedby=\"caption-attachment-2137\" class=\"size-large wp-image-2137\" src=\"https:\/\/i0.wp.com\/www.liebedesign.de\/wp-content\/uploads\/2016\/04\/IMG_6484-768x1024.jpg?resize=620%2C827\" alt=\"\u00a9 Sara Liebe\" width=\"620\" height=\"827\" srcset=\"https:\/\/i0.wp.com\/www.liebedesign.de\/wp-content\/uploads\/2016\/04\/IMG_6484.jpg?w=768&amp;ssl=1 768w, https:\/\/i0.wp.com\/www.liebedesign.de\/wp-content\/uploads\/2016\/04\/IMG_6484.jpg?resize=225%2C300&amp;ssl=1 225w\" sizes=\"auto, (max-width: 620px) 100vw, 620px\" \/><\/a><p id=\"caption-attachment-2137\" class=\"wp-caption-text\">\u00a9 Sara Liebe<\/p><\/div>\n<p>Beidseitig nutzbar&#8230; ;-)<\/p>\n<div id=\"attachment_2139\" style=\"width: 630px\" class=\"wp-caption aligncenter\"><a href=\"https:\/\/i0.wp.com\/www.liebedesign.de\/wp-content\/uploads\/2016\/04\/IMG_6488.jpg\" rel=\"attachment wp-att-2139\"><img data-recalc-dims=\"1\" loading=\"lazy\" decoding=\"async\" aria-describedby=\"caption-attachment-2139\" class=\"size-large wp-image-2139\" src=\"https:\/\/i0.wp.com\/www.liebedesign.de\/wp-content\/uploads\/2016\/04\/IMG_6488-768x1024.jpg?resize=620%2C827\" alt=\"\u00a9 Sara Liebe\" width=\"620\" height=\"827\" srcset=\"https:\/\/i0.wp.com\/www.liebedesign.de\/wp-content\/uploads\/2016\/04\/IMG_6488.jpg?w=768&amp;ssl=1 768w, https:\/\/i0.wp.com\/www.liebedesign.de\/wp-content\/uploads\/2016\/04\/IMG_6488.jpg?resize=225%2C300&amp;ssl=1 225w\" sizes=\"auto, (max-width: 620px) 100vw, 620px\" \/><\/a><p id=\"caption-attachment-2139\" class=\"wp-caption-text\">\u00a9 Sara Liebe<\/p><\/div>\n<div id=\"attachment_2140\" style=\"width: 630px\" class=\"wp-caption aligncenter\"><a href=\"https:\/\/i0.wp.com\/www.liebedesign.de\/wp-content\/uploads\/2016\/04\/IMG_6490.jpg\" rel=\"attachment wp-att-2140\"><img data-recalc-dims=\"1\" loading=\"lazy\" decoding=\"async\" aria-describedby=\"caption-attachment-2140\" class=\"size-large wp-image-2140\" src=\"https:\/\/i0.wp.com\/www.liebedesign.de\/wp-content\/uploads\/2016\/04\/IMG_6490-768x1024.jpg?resize=620%2C827\" alt=\"\u00a9 Sara Liebe\" width=\"620\" height=\"827\" srcset=\"https:\/\/i0.wp.com\/www.liebedesign.de\/wp-content\/uploads\/2016\/04\/IMG_6490.jpg?w=768&amp;ssl=1 768w, https:\/\/i0.wp.com\/www.liebedesign.de\/wp-content\/uploads\/2016\/04\/IMG_6490.jpg?resize=225%2C300&amp;ssl=1 225w\" sizes=\"auto, (max-width: 620px) 100vw, 620px\" \/><\/a><p id=\"caption-attachment-2140\" class=\"wp-caption-text\">\u00a9 Sara Liebe<\/p><\/div>\n<p>Und vor unserer Haust\u00fcr geht es bunt weiter. Kann ich mir ja nicht nehmen, die Nachbarn fr\u00f6hlich und mit guten W\u00fcnschen zu begr\u00fc\u00dfen! Die kleinen Elfen finden es auch ganz hervorragend!<\/p>\n<div id=\"attachment_2142\" style=\"width: 630px\" class=\"wp-caption aligncenter\"><a href=\"https:\/\/i0.wp.com\/www.liebedesign.de\/wp-content\/uploads\/2016\/04\/IMG_6498.jpg\" rel=\"attachment wp-att-2142\"><img data-recalc-dims=\"1\" loading=\"lazy\" decoding=\"async\" aria-describedby=\"caption-attachment-2142\" class=\"size-large wp-image-2142\" src=\"https:\/\/i0.wp.com\/www.liebedesign.de\/wp-content\/uploads\/2016\/04\/IMG_6498-768x1024.jpg?resize=620%2C827\" alt=\"\u00a9 Sara Liebe\" width=\"620\" height=\"827\" srcset=\"https:\/\/i0.wp.com\/www.liebedesign.de\/wp-content\/uploads\/2016\/04\/IMG_6498.jpg?w=768&amp;ssl=1 768w, https:\/\/i0.wp.com\/www.liebedesign.de\/wp-content\/uploads\/2016\/04\/IMG_6498.jpg?resize=225%2C300&amp;ssl=1 225w\" sizes=\"auto, (max-width: 620px) 100vw, 620px\" \/><\/a><p id=\"caption-attachment-2142\" class=\"wp-caption-text\">\u00a9 Sara Liebe<\/p><\/div>\n<div id=\"attachment_2143\" style=\"width: 630px\" class=\"wp-caption aligncenter\"><a href=\"https:\/\/i0.wp.com\/www.liebedesign.de\/wp-content\/uploads\/2016\/04\/IMG_6497.jpg\" rel=\"attachment wp-att-2143\"><img data-recalc-dims=\"1\" loading=\"lazy\" decoding=\"async\" aria-describedby=\"caption-attachment-2143\" class=\"size-large wp-image-2143\" src=\"https:\/\/i0.wp.com\/www.liebedesign.de\/wp-content\/uploads\/2016\/04\/IMG_6497-768x1024.jpg?resize=620%2C827\" alt=\"\u00a9 Sara Liebe\" width=\"620\" height=\"827\" srcset=\"https:\/\/i0.wp.com\/www.liebedesign.de\/wp-content\/uploads\/2016\/04\/IMG_6497.jpg?w=768&amp;ssl=1 768w, https:\/\/i0.wp.com\/www.liebedesign.de\/wp-content\/uploads\/2016\/04\/IMG_6497.jpg?resize=225%2C300&amp;ssl=1 225w\" sizes=\"auto, (max-width: 620px) 100vw, 620px\" \/><\/a><p id=\"caption-attachment-2143\" class=\"wp-caption-text\">\u00a9 Sara Liebe<\/p><\/div>\n<div id=\"attachment_2144\" style=\"width: 630px\" class=\"wp-caption aligncenter\"><a href=\"https:\/\/i0.wp.com\/www.liebedesign.de\/wp-content\/uploads\/2016\/04\/IMG_6505.jpg\" rel=\"attachment wp-att-2144\"><img data-recalc-dims=\"1\" loading=\"lazy\" decoding=\"async\" aria-describedby=\"caption-attachment-2144\" class=\"size-large wp-image-2144\" src=\"https:\/\/i0.wp.com\/www.liebedesign.de\/wp-content\/uploads\/2016\/04\/IMG_6505-768x1024.jpg?resize=620%2C827\" alt=\"\u00a9 Sara Liebe\" width=\"620\" height=\"827\" srcset=\"https:\/\/i0.wp.com\/www.liebedesign.de\/wp-content\/uploads\/2016\/04\/IMG_6505.jpg?w=768&amp;ssl=1 768w, https:\/\/i0.wp.com\/www.liebedesign.de\/wp-content\/uploads\/2016\/04\/IMG_6505.jpg?resize=225%2C300&amp;ssl=1 225w\" sizes=\"auto, (max-width: 620px) 100vw, 620px\" \/><\/a><p id=\"caption-attachment-2144\" class=\"wp-caption-text\">\u00a9 Sara Liebe<\/p><\/div>\n<p>Ich versuche mich in Freestyle-Bonsai-Birkenhain-Zucht&#8230; Die fand ich irgendwann einmal in unserem Garten und dachte mir, die stutzte ich mal nach meinen W\u00fcnschen. Bis jetzt haben sie es \u00fcberlebt. Ich \u00fcbe mich noch am perfekten Bonsai-Schnitt.<\/p>\n<p>Das war doch ein sch\u00f6ner Schwenk nach Japan, gell? Ich hatte Euch ja von den Geschenken berichtet, die ich gefertigt habe. Mein Mann hatte das Gl\u00fcck zwei Wochen in Japan zu weilen und hat von dort sch\u00f6ne Geschenke mitgebracht! Herzlichen Dank daf\u00fcr und wenn es geht und das wieder ansteht, fliege ich gerne mit! Liebe und herzliche Gr\u00fc\u00dfe nach Tokio!<\/p>\n<p style=\"text-align: center;\">\u3042\u308a\u304c\u3068\u3046\uff01<br \/>\nArigatou!<\/p>\n<div id=\"attachment_2145\" style=\"width: 630px\" class=\"wp-caption aligncenter\"><a href=\"https:\/\/i0.wp.com\/www.liebedesign.de\/wp-content\/uploads\/2016\/04\/IMG_6271.jpg\" rel=\"attachment wp-att-2145\"><img data-recalc-dims=\"1\" loading=\"lazy\" decoding=\"async\" aria-describedby=\"caption-attachment-2145\" class=\"size-large wp-image-2145\" src=\"https:\/\/i0.wp.com\/www.liebedesign.de\/wp-content\/uploads\/2016\/04\/IMG_6271-1024x768.jpg?resize=620%2C465\" alt=\"\u00a9 Sara Liebe\" width=\"620\" height=\"465\" srcset=\"https:\/\/i0.wp.com\/www.liebedesign.de\/wp-content\/uploads\/2016\/04\/IMG_6271.jpg?w=1024&amp;ssl=1 1024w, https:\/\/i0.wp.com\/www.liebedesign.de\/wp-content\/uploads\/2016\/04\/IMG_6271.jpg?resize=300%2C225&amp;ssl=1 300w, https:\/\/i0.wp.com\/www.liebedesign.de\/wp-content\/uploads\/2016\/04\/IMG_6271.jpg?resize=768%2C576&amp;ssl=1 768w\" sizes=\"auto, (max-width: 620px) 100vw, 620px\" \/><\/a><p id=\"caption-attachment-2145\" class=\"wp-caption-text\">\u00a9 Sara Liebe<\/p><\/div>\n<p>&nbsp;<\/p>\n<p>Mein Beitrag f\u00fcr\u00a0<a title=\"creadienstag\" href=\"http:\/\/www.creadienstag.de\/2016\/04\/223.html\" target=\"_blank\">creadienstag,<\/a> <a href=\"http:\/\/www.creativejewishmom.com\/2016\/04\/wel.html\" target=\"_blank\">creative jewish mom,<\/a> <a href=\"http:\/\/www.pamelopee.de\/2016\/04\/crealopee-april-2015.html\" target=\"_blank\">pamelopee,<\/a> <a href=\"http:\/\/meertjes-stuff.blogspot.de\/2016\/04\/link-your-stuff_12.html\" target=\"_blank\">Meertje,<\/a> <a href=\"http:\/\/www.handmadeontuesday.blogspot.de\/2016\/04\/handmade-on-tuesday-43.html\" target=\"_blank\">hand made on tuesday,<\/a> <a href=\"http:\/\/www.dienstagsdinge.blogspot.de\/2016\/04\/1516.html\" target=\"_blank\">dienstagsdinge <\/a>und <a href=\"http:\/\/lollipopsforbreakfast.de\/blog\/seasonal-sewing-april-2016\/\" target=\"_blank\">Seasonal Sewing April<\/a>!<\/p>\n<p>&nbsp;<\/p>\n<p>&nbsp;<\/p>\n","protected":false},"excerpt":{"rendered":"<p>R E G E N B O G E N Irgendwie bin ich derzeit auf Farbe gepolt. Vielleicht weil die Kristalle das Licht so sch\u00f6n brechen, da endlich, endlich die Sonne scheint und es warm wird. Eigentlich freue ich mich &hellip; <a href=\"https:\/\/www.liebedesign.de\/?p=2130\">Weiterlesen <span class=\"meta-nav\">&rarr;<\/span><\/a><\/p>\n","protected":false},"author":1,"featured_media":0,"comment_status":"open","ping_status":"open","sticky":false,"template":"","format":"image","meta":{"advanced_seo_description":"","jetpack_seo_html_title":"","jetpack_seo_noindex":false,"jetpack_post_was_ever_published":false,"_jetpack_newsletter_access":"","_jetpack_dont_email_post_to_subs":false,"_jetpack_newsletter_tier_id":0,"_jetpack_memberships_contains_paywalled_content":false,"_jetpack_memberships_contains_paid_content":false,"footnotes":""},"categories":[35,1,25,30],"tags":[],"class_list":["post-2130","post","type-post","status-publish","format-image","hentry","category-52-wochen","category-allgemein","category-genaehtes","category-liebes-atelier-kurse","post_format-post-format-image"],"jetpack_featured_media_url":"","jetpack_shortlink":"https:\/\/wp.me\/p5EgJb-ym","jetpack_sharing_enabled":true,"jetpack-related-posts":[],"_links":{"self":[{"href":"https:\/\/www.liebedesign.de\/index.php?rest_route=\/wp\/v2\/posts\/2130","targetHints":{"allow":["GET"]}}],"collection":[{"href":"https:\/\/www.liebedesign.de\/index.php?rest_route=\/wp\/v2\/posts"}],"about":[{"href":"https:\/\/www.liebedesign.de\/index.php?rest_route=\/wp\/v2\/types\/post"}],"author":[{"embeddable":true,"href":"https:\/\/www.liebedesign.de\/index.php?rest_route=\/wp\/v2\/users\/1"}],"replies":[{"embeddable":true,"href":"https:\/\/www.liebedesign.de\/index.php?rest_route=%2Fwp%2Fv2%2Fcomments&post=2130"}],"version-history":[{"count":7,"href":"https:\/\/www.liebedesign.de\/index.php?rest_route=\/wp\/v2\/posts\/2130\/revisions"}],"predecessor-version":[{"id":2152,"href":"https:\/\/www.liebedesign.de\/index.php?rest_route=\/wp\/v2\/posts\/2130\/revisions\/2152"}],"wp:attachment":[{"href":"https:\/\/www.liebedesign.de\/index.php?rest_route=%2Fwp%2Fv2%2Fmedia&parent=2130"}],"wp:term":[{"taxonomy":"category","embeddable":true,"href":"https:\/\/www.liebedesign.de\/index.php?rest_route=%2Fwp%2Fv2%2Fcategories&post=2130"},{"taxonomy":"post_tag","embeddable":true,"href":"https:\/\/www.liebedesign.de\/index.php?rest_route=%2Fwp%2Fv2%2Ftags&post=2130"}],"curies":[{"name":"wp","href":"https:\/\/api.w.org\/{rel}","templated":true}]}}