{"id":2656,"date":"2016-07-19T08:29:34","date_gmt":"2016-07-19T08:29:34","guid":{"rendered":"http:\/\/www.liebedesign.de\/?p=2656"},"modified":"2016-07-19T08:31:20","modified_gmt":"2016-07-19T08:31:20","slug":"52-wochen-12-woche-kapuzinerkresse-lampe","status":"publish","type":"post","link":"https:\/\/www.liebedesign.de\/?p=2656","title":{"rendered":"52. Wochen &#8211; 12. Woche \u2013 Kapuzinerkresse-Lampe"},"content":{"rendered":"<div id=\"attachment_2648\" style=\"width: 630px\" class=\"wp-caption aligncenter\"><a href=\"https:\/\/i0.wp.com\/www.liebedesign.de\/wp-content\/uploads\/2016\/07\/IMG_7493.jpg\"><img data-recalc-dims=\"1\" loading=\"lazy\" decoding=\"async\" aria-describedby=\"caption-attachment-2648\" class=\"size-large wp-image-2648\" src=\"https:\/\/i0.wp.com\/www.liebedesign.de\/wp-content\/uploads\/2016\/07\/IMG_7493-768x1024.jpg?resize=620%2C827\" alt=\"\u00a9 Sara Liebe\" width=\"620\" height=\"827\" srcset=\"https:\/\/i0.wp.com\/www.liebedesign.de\/wp-content\/uploads\/2016\/07\/IMG_7493.jpg?w=768&amp;ssl=1 768w, https:\/\/i0.wp.com\/www.liebedesign.de\/wp-content\/uploads\/2016\/07\/IMG_7493.jpg?resize=225%2C300&amp;ssl=1 225w\" sizes=\"auto, (max-width: 620px) 100vw, 620px\" \/><\/a><p id=\"caption-attachment-2648\" class=\"wp-caption-text\">\u00a9 Sara Liebe<\/p><\/div>\n<p>Eine Kapuzinerkresse-Lampe.<\/p>\n<p>Diesmal bin ich professioneller rangegangen, Stoff erst gef\u00e4rbt, dann gen\u00e4ht. Das andere war umst\u00e4ndlicher, habe vorher mein Hirn nicht eingeschaltet, dann passiert sowas. ;-) Die Farbe ist diesmal ein bi\u00dfchen blasser geworden, aber ich hoffe, sie verliert dadurch nicht ihre Sch\u00f6nheit, wenn sie leuchtet.<\/p>\n<p>Meine Tonnen von Stoff reduzieren sich drastisch&#8230; h\u00e4tte ich nicht gedacht, aber derzeit beziehe ich einige Leinw\u00e4nde, teils recht gro\u00dfe und da geht das &#8222;Zeug weg, wie warme Semmeln&#8220;. Mein Stoffberg schrumpft&#8230; Im Keller ist ja noch Vorrat, aber der ist von der Struktur nicht so sch\u00f6n fest. Hm. Vielleicht muss ich doch noch Nachschub holen? (Denkstruktur eines S\u00fcchtigen?) \u2013 Ganz ruhig bleiben. Noch ist Stoff da&#8230;<\/p>\n<div id=\"attachment_2591\" style=\"width: 630px\" class=\"wp-caption aligncenter\"><a href=\"https:\/\/i0.wp.com\/www.liebedesign.de\/wp-content\/uploads\/2016\/07\/IMG_7391.jpg\"><img data-recalc-dims=\"1\" loading=\"lazy\" decoding=\"async\" aria-describedby=\"caption-attachment-2591\" class=\"size-large wp-image-2591\" src=\"https:\/\/i0.wp.com\/www.liebedesign.de\/wp-content\/uploads\/2016\/07\/IMG_7391-1024x768.jpg?resize=620%2C465\" alt=\"\u00a9 Sara Liebe\" width=\"620\" height=\"465\" srcset=\"https:\/\/i0.wp.com\/www.liebedesign.de\/wp-content\/uploads\/2016\/07\/IMG_7391.jpg?w=1024&amp;ssl=1 1024w, https:\/\/i0.wp.com\/www.liebedesign.de\/wp-content\/uploads\/2016\/07\/IMG_7391.jpg?resize=300%2C225&amp;ssl=1 300w, https:\/\/i0.wp.com\/www.liebedesign.de\/wp-content\/uploads\/2016\/07\/IMG_7391.jpg?resize=768%2C576&amp;ssl=1 768w\" sizes=\"auto, (max-width: 620px) 100vw, 620px\" \/><\/a><p id=\"caption-attachment-2591\" class=\"wp-caption-text\">\u00a9 Sara Liebe<\/p><\/div>\n<div id=\"attachment_2592\" style=\"width: 630px\" class=\"wp-caption aligncenter\"><a href=\"https:\/\/i0.wp.com\/www.liebedesign.de\/wp-content\/uploads\/2016\/07\/IMG_7394.jpg\"><img data-recalc-dims=\"1\" loading=\"lazy\" decoding=\"async\" aria-describedby=\"caption-attachment-2592\" class=\"size-large wp-image-2592\" src=\"https:\/\/i0.wp.com\/www.liebedesign.de\/wp-content\/uploads\/2016\/07\/IMG_7394-1024x768.jpg?resize=620%2C465\" alt=\"\u00a9 Sara Liebe\" width=\"620\" height=\"465\" srcset=\"https:\/\/i0.wp.com\/www.liebedesign.de\/wp-content\/uploads\/2016\/07\/IMG_7394.jpg?w=1024&amp;ssl=1 1024w, https:\/\/i0.wp.com\/www.liebedesign.de\/wp-content\/uploads\/2016\/07\/IMG_7394.jpg?resize=300%2C225&amp;ssl=1 300w, https:\/\/i0.wp.com\/www.liebedesign.de\/wp-content\/uploads\/2016\/07\/IMG_7394.jpg?resize=768%2C576&amp;ssl=1 768w\" sizes=\"auto, (max-width: 620px) 100vw, 620px\" \/><\/a><p id=\"caption-attachment-2592\" class=\"wp-caption-text\">\u00a9 Sara Liebe<\/p><\/div>\n<div id=\"attachment_2593\" style=\"width: 630px\" class=\"wp-caption aligncenter\"><a href=\"https:\/\/i0.wp.com\/www.liebedesign.de\/wp-content\/uploads\/2016\/07\/IMG_7395.jpg\"><img data-recalc-dims=\"1\" loading=\"lazy\" decoding=\"async\" aria-describedby=\"caption-attachment-2593\" class=\"size-large wp-image-2593\" src=\"https:\/\/i0.wp.com\/www.liebedesign.de\/wp-content\/uploads\/2016\/07\/IMG_7395-1024x768.jpg?resize=620%2C465\" alt=\"\u00a9 Sara Liebe\" width=\"620\" height=\"465\" srcset=\"https:\/\/i0.wp.com\/www.liebedesign.de\/wp-content\/uploads\/2016\/07\/IMG_7395.jpg?w=1024&amp;ssl=1 1024w, https:\/\/i0.wp.com\/www.liebedesign.de\/wp-content\/uploads\/2016\/07\/IMG_7395.jpg?resize=300%2C225&amp;ssl=1 300w, https:\/\/i0.wp.com\/www.liebedesign.de\/wp-content\/uploads\/2016\/07\/IMG_7395.jpg?resize=768%2C576&amp;ssl=1 768w\" sizes=\"auto, (max-width: 620px) 100vw, 620px\" \/><\/a><p id=\"caption-attachment-2593\" class=\"wp-caption-text\">\u00a9 Sara Liebe<\/p><\/div>\n<div id=\"attachment_2594\" style=\"width: 630px\" class=\"wp-caption aligncenter\"><a href=\"https:\/\/i0.wp.com\/www.liebedesign.de\/wp-content\/uploads\/2016\/07\/IMG_7397.jpg\"><img data-recalc-dims=\"1\" loading=\"lazy\" decoding=\"async\" aria-describedby=\"caption-attachment-2594\" class=\"size-large wp-image-2594\" src=\"https:\/\/i0.wp.com\/www.liebedesign.de\/wp-content\/uploads\/2016\/07\/IMG_7397-768x1024.jpg?resize=620%2C827\" alt=\"\u00a9 Sara Liebe\" width=\"620\" height=\"827\" srcset=\"https:\/\/i0.wp.com\/www.liebedesign.de\/wp-content\/uploads\/2016\/07\/IMG_7397.jpg?w=768&amp;ssl=1 768w, https:\/\/i0.wp.com\/www.liebedesign.de\/wp-content\/uploads\/2016\/07\/IMG_7397.jpg?resize=225%2C300&amp;ssl=1 225w\" sizes=\"auto, (max-width: 620px) 100vw, 620px\" \/><\/a><p id=\"caption-attachment-2594\" class=\"wp-caption-text\">\u00a9 Sara Liebe<\/p><\/div>\n<div id=\"attachment_2595\" style=\"width: 630px\" class=\"wp-caption aligncenter\"><a href=\"https:\/\/i0.wp.com\/www.liebedesign.de\/wp-content\/uploads\/2016\/07\/IMG_7398.jpg\"><img data-recalc-dims=\"1\" loading=\"lazy\" decoding=\"async\" aria-describedby=\"caption-attachment-2595\" class=\"size-large wp-image-2595\" src=\"https:\/\/i0.wp.com\/www.liebedesign.de\/wp-content\/uploads\/2016\/07\/IMG_7398-1024x768.jpg?resize=620%2C465\" alt=\"\u00a9 Sara Liebe\" width=\"620\" height=\"465\" srcset=\"https:\/\/i0.wp.com\/www.liebedesign.de\/wp-content\/uploads\/2016\/07\/IMG_7398.jpg?w=1024&amp;ssl=1 1024w, https:\/\/i0.wp.com\/www.liebedesign.de\/wp-content\/uploads\/2016\/07\/IMG_7398.jpg?resize=300%2C225&amp;ssl=1 300w, https:\/\/i0.wp.com\/www.liebedesign.de\/wp-content\/uploads\/2016\/07\/IMG_7398.jpg?resize=768%2C576&amp;ssl=1 768w\" sizes=\"auto, (max-width: 620px) 100vw, 620px\" \/><\/a><p id=\"caption-attachment-2595\" class=\"wp-caption-text\">\u00a9 Sara Liebe<\/p><\/div>\n<p>Und mit dem Rollschneider habe ich mich wieder herumgeschlagen, rechts, links, rechts, links &#8211; haben das Rechtsh\u00e4nder eigentlich auch, das Problem, dass sie den Rollschneider mit abwechselnden H\u00e4nden nutzen m\u00fcssen, mal rechts, mal links? Oder immer nur mit Rechts? Echt, wir Linksh\u00e4nder m\u00fcssen immer permante Integration leben, in einer stark dominaten rechtsh\u00e4ndigen Welt. Hat auch Vorteile, sich anpassen zu k\u00f6nnen, bleibt man sch\u00f6n wendig. ;-) Liebe Rechts\u00e4nder nicht pers\u00f6nlich nehmen, wie nehmen es ja auch nicht pers\u00f6nlich. ;-)<\/p>\n<div id=\"attachment_2649\" style=\"width: 630px\" class=\"wp-caption aligncenter\"><a href=\"https:\/\/i0.wp.com\/www.liebedesign.de\/wp-content\/uploads\/2016\/07\/IMG_7495.jpg\"><img data-recalc-dims=\"1\" loading=\"lazy\" decoding=\"async\" aria-describedby=\"caption-attachment-2649\" class=\"size-large wp-image-2649\" src=\"https:\/\/i0.wp.com\/www.liebedesign.de\/wp-content\/uploads\/2016\/07\/IMG_7495-768x1024.jpg?resize=620%2C827\" alt=\"\u00a9 Sara Liebe\" width=\"620\" height=\"827\" srcset=\"https:\/\/i0.wp.com\/www.liebedesign.de\/wp-content\/uploads\/2016\/07\/IMG_7495.jpg?w=768&amp;ssl=1 768w, https:\/\/i0.wp.com\/www.liebedesign.de\/wp-content\/uploads\/2016\/07\/IMG_7495.jpg?resize=225%2C300&amp;ssl=1 225w\" sizes=\"auto, (max-width: 620px) 100vw, 620px\" \/><\/a><p id=\"caption-attachment-2649\" class=\"wp-caption-text\">\u00a9 Sara Liebe<\/p><\/div>\n<div id=\"attachment_2647\" style=\"width: 630px\" class=\"wp-caption aligncenter\"><a href=\"https:\/\/i0.wp.com\/www.liebedesign.de\/wp-content\/uploads\/2016\/07\/IMG_7492.jpg\"><img data-recalc-dims=\"1\" loading=\"lazy\" decoding=\"async\" aria-describedby=\"caption-attachment-2647\" class=\"size-large wp-image-2647\" src=\"https:\/\/i0.wp.com\/www.liebedesign.de\/wp-content\/uploads\/2016\/07\/IMG_7492-768x1024.jpg?resize=620%2C827\" alt=\"\u00a9 Sara Liebe\" width=\"620\" height=\"827\" srcset=\"https:\/\/i0.wp.com\/www.liebedesign.de\/wp-content\/uploads\/2016\/07\/IMG_7492.jpg?w=768&amp;ssl=1 768w, https:\/\/i0.wp.com\/www.liebedesign.de\/wp-content\/uploads\/2016\/07\/IMG_7492.jpg?resize=225%2C300&amp;ssl=1 225w\" sizes=\"auto, (max-width: 620px) 100vw, 620px\" \/><\/a><p id=\"caption-attachment-2647\" class=\"wp-caption-text\">\u00a9 Sara Liebe<\/p><\/div>\n<p>Sollte ich mal wieder Zeit finden, muss ich mal langsam einen anderen Schnitt entwickeln. Etwas Glockenblumenartiges f\u00e4nd\u00b4ich ja spannend. Mal sehen, wann daf\u00fcr Zeit und Mu\u00dfe ist.<\/p>\n<p>Mein Beitrag f\u00fcr\u00a0<a title=\"creadienstag\" href=\"http:\/\/www.creadienstag.de\/2016\/07\/237.html\" target=\"_blank\">creadienstag,<\/a> <a href=\"http:\/\/handmadeontuesday.blogspot.de\/2016\/07\/handmade-on-tuesday-57.html\" target=\"_blank\">hand made on tuesday,<\/a> und <a href=\"http:\/\/dienstagsdinge.blogspot.de\/2016\/07\/2916.html\" target=\"_blank\">dienstagsdinge<\/a>!<\/p>\n","protected":false},"excerpt":{"rendered":"<p>Eine Kapuzinerkresse-Lampe. Diesmal bin ich professioneller rangegangen, Stoff erst gef\u00e4rbt, dann gen\u00e4ht. Das andere war umst\u00e4ndlicher, habe vorher mein Hirn nicht eingeschaltet, dann passiert sowas. ;-) Die Farbe ist diesmal ein bi\u00dfchen blasser geworden, aber ich hoffe, sie verliert dadurch &hellip; <a href=\"https:\/\/www.liebedesign.de\/?p=2656\">Weiterlesen <span class=\"meta-nav\">&rarr;<\/span><\/a><\/p>\n","protected":false},"author":1,"featured_media":0,"comment_status":"open","ping_status":"open","sticky":false,"template":"","format":"image","meta":{"advanced_seo_description":"","jetpack_seo_html_title":"","jetpack_seo_noindex":false,"jetpack_post_was_ever_published":false,"_jetpack_newsletter_access":"","_jetpack_dont_email_post_to_subs":false,"_jetpack_newsletter_tier_id":0,"_jetpack_memberships_contains_paywalled_content":false,"_jetpack_memberships_contains_paid_content":false,"footnotes":""},"categories":[35,25,14],"tags":[],"class_list":["post-2656","post","type-post","status-publish","format-image","hentry","category-52-wochen","category-genaehtes","category-neuigkeiten","post_format-post-format-image"],"jetpack_featured_media_url":"","jetpack_shortlink":"https:\/\/wp.me\/p5EgJb-GQ","jetpack_sharing_enabled":true,"jetpack-related-posts":[],"_links":{"self":[{"href":"https:\/\/www.liebedesign.de\/index.php?rest_route=\/wp\/v2\/posts\/2656","targetHints":{"allow":["GET"]}}],"collection":[{"href":"https:\/\/www.liebedesign.de\/index.php?rest_route=\/wp\/v2\/posts"}],"about":[{"href":"https:\/\/www.liebedesign.de\/index.php?rest_route=\/wp\/v2\/types\/post"}],"author":[{"embeddable":true,"href":"https:\/\/www.liebedesign.de\/index.php?rest_route=\/wp\/v2\/users\/1"}],"replies":[{"embeddable":true,"href":"https:\/\/www.liebedesign.de\/index.php?rest_route=%2Fwp%2Fv2%2Fcomments&post=2656"}],"version-history":[{"count":4,"href":"https:\/\/www.liebedesign.de\/index.php?rest_route=\/wp\/v2\/posts\/2656\/revisions"}],"predecessor-version":[{"id":2662,"href":"https:\/\/www.liebedesign.de\/index.php?rest_route=\/wp\/v2\/posts\/2656\/revisions\/2662"}],"wp:attachment":[{"href":"https:\/\/www.liebedesign.de\/index.php?rest_route=%2Fwp%2Fv2%2Fmedia&parent=2656"}],"wp:term":[{"taxonomy":"category","embeddable":true,"href":"https:\/\/www.liebedesign.de\/index.php?rest_route=%2Fwp%2Fv2%2Fcategories&post=2656"},{"taxonomy":"post_tag","embeddable":true,"href":"https:\/\/www.liebedesign.de\/index.php?rest_route=%2Fwp%2Fv2%2Ftags&post=2656"}],"curies":[{"name":"wp","href":"https:\/\/api.w.org\/{rel}","templated":true}]}}