{"id":3651,"date":"2017-08-20T11:47:28","date_gmt":"2017-08-20T11:47:28","guid":{"rendered":"http:\/\/www.liebedesign.de\/?p=3651"},"modified":"2018-07-10T08:29:06","modified_gmt":"2018-07-10T08:29:06","slug":"auf-reisen-in-gedanken-und-auf-vielen-anderen-wegen","status":"publish","type":"post","link":"https:\/\/www.liebedesign.de\/?p=3651","title":{"rendered":"Auf Reisen &#8211; in Gedanken und auf vielen anderen Wegen&#8230;"},"content":{"rendered":"<div id=\"attachment_3650\" style=\"width: 630px\" class=\"wp-caption aligncenter\"><a href=\"https:\/\/i0.wp.com\/www.liebedesign.de\/wp-content\/uploads\/2017\/08\/IMG_2480.jpg\"><img data-recalc-dims=\"1\" loading=\"lazy\" decoding=\"async\" aria-describedby=\"caption-attachment-3650\" class=\"size-large wp-image-3650\" src=\"https:\/\/i0.wp.com\/www.liebedesign.de\/wp-content\/uploads\/2017\/08\/IMG_2480-768x1024.jpg?resize=620%2C827\" alt=\"\" width=\"620\" height=\"827\" srcset=\"https:\/\/i0.wp.com\/www.liebedesign.de\/wp-content\/uploads\/2017\/08\/IMG_2480.jpg?w=768&amp;ssl=1 768w, https:\/\/i0.wp.com\/www.liebedesign.de\/wp-content\/uploads\/2017\/08\/IMG_2480.jpg?resize=225%2C300&amp;ssl=1 225w\" sizes=\"auto, (max-width: 620px) 100vw, 620px\" \/><\/a><p id=\"caption-attachment-3650\" class=\"wp-caption-text\">\u00a9 Sara Liebe<\/p><\/div>\n<p>Armer vernachl\u00e4ssigter Blog&#8230; soziale Medien haben schon etwas Verf\u00fchrerisches, wenn man angebunden ist an <a href=\"https:\/\/www.instagram.com\/liebes_atelier\/\" target=\"_blank\" rel=\"noopener\">ein Netzwerk, in dem einem kleine Herzchen zufliegen<\/a>&#8230; Hier in meinem Blog ist es so manches liebe Mal still, da habe ich eher das Gef\u00fchl, ich halte ein stilles Pl\u00e4uschchen mit mir. <strong><!--more--><\/strong><\/p>\n<p>Deshalb muss ich mich wieder erinnern, warum ich diesen Blog eigentlich habe: um zu zeigen, was ich beruflich mache, was ich gerne ansto\u00dfen w\u00fcrde, wo ich gerne mit von der Partie w\u00e4re. Ja, mit eingebunden zu sein, mit den F\u00e4higkeiten, die ich mit in dieses Leben bringe. Auch eine pers\u00f6nliche Ruhe zu finden, mir nicht immer selbst vorzuhalten, was ich noch alles machen muss, nur damit ich eine Daseinsberechtigung in dieser, unserer Welt habe. Es ist ein Ausschnitt aus meinem Leben, der eigentlich einen gro\u00dfen Teil meiner Zeit ausmacht: kreativ t\u00e4tig zu sein und meine pers\u00f6nliche St\u00e4rke zu finden.<\/p>\n<p>Das Foto mit den Koffern ist sehr symboltr\u00e4chtig: auf Reisen, abgeschlossene Geschichten, noch welche, die ge\u00f6ffnet werden wollen, andere die immer mit einem ziehen, die sich stapeln, aufeinanderschichten, \u00f6ffnen&#8230;<\/p>\n<p>So will ich gn\u00e4dig mit mir sein und hinein horchen, sp\u00fcren, was noch werden will&#8230;<\/p>\n<p>&nbsp;<\/p>\n<p>Hab\u00b4Dank f\u00fcr Deine Aufmerksamkeit \u2013<\/p>\n<p>und einen sonnigen Sonntag!<\/p>\n<p>&nbsp;<\/p>\n<p><a href=\"https:\/\/eclectichamilton.blogspot.de\/2017\/08\/sunday-inspiration-no114.html\" target=\"_blank\" rel=\"noopener\">SUNDAY INSPIRATION NO. 114,<\/a> <a href=\"https:\/\/soulsistermeetsfriends.com\/2017\/07\/30\/blogparade-sonntagsglueck-no-31-hortensien-liebe\/\" target=\"_blank\" rel=\"noopener\">#sonntagsgl\u00fcckno.34<\/a>, <a href=\"http:\/\/www.miss-red-fox.de\/2017\/08\/nicelittlethingsaround-34.html\" target=\"_blank\" rel=\"noopener\">sonntags<\/a> und <a href=\"https:\/\/kaminrot.blogspot.de\/2017\/08\/samstagsplausch-3317.html\" target=\"_blank\" rel=\"noopener\">Samstagsplausch<\/a><\/p>\n<p>Soziales Netzwerk: ein paar Spinnereien aus meinem &#8222;Tun &amp; Sein&#8220;: <a href=\"https:\/\/www.instagram.com\/liebes_atelier\/\" target=\"_blank\" rel=\"noopener\">liebes_atelier<\/a><\/p>\n","protected":false},"excerpt":{"rendered":"<p>Armer vernachl\u00e4ssigter Blog&#8230; soziale Medien haben schon etwas Verf\u00fchrerisches, wenn man angebunden ist an ein Netzwerk, in dem einem kleine Herzchen zufliegen&#8230; Hier in meinem Blog ist es so manches liebe Mal still, da habe ich eher das Gef\u00fchl, ich &hellip; <a href=\"https:\/\/www.liebedesign.de\/?p=3651\">Weiterlesen <span class=\"meta-nav\">&rarr;<\/span><\/a><\/p>\n","protected":false},"author":1,"featured_media":0,"comment_status":"open","ping_status":"open","sticky":false,"template":"","format":"image","meta":{"advanced_seo_description":"","jetpack_seo_html_title":"","jetpack_seo_noindex":false,"jetpack_post_was_ever_published":false,"_jetpack_newsletter_access":"","_jetpack_dont_email_post_to_subs":false,"_jetpack_newsletter_tier_id":0,"_jetpack_memberships_contains_paywalled_content":false,"_jetpack_memberships_contains_paid_content":false,"footnotes":""},"categories":[1,14],"tags":[],"class_list":["post-3651","post","type-post","status-publish","format-image","hentry","category-allgemein","category-neuigkeiten","post_format-post-format-image"],"jetpack_featured_media_url":"","jetpack_shortlink":"https:\/\/wp.me\/p5EgJb-WT","jetpack_sharing_enabled":true,"jetpack-related-posts":[],"_links":{"self":[{"href":"https:\/\/www.liebedesign.de\/index.php?rest_route=\/wp\/v2\/posts\/3651","targetHints":{"allow":["GET"]}}],"collection":[{"href":"https:\/\/www.liebedesign.de\/index.php?rest_route=\/wp\/v2\/posts"}],"about":[{"href":"https:\/\/www.liebedesign.de\/index.php?rest_route=\/wp\/v2\/types\/post"}],"author":[{"embeddable":true,"href":"https:\/\/www.liebedesign.de\/index.php?rest_route=\/wp\/v2\/users\/1"}],"replies":[{"embeddable":true,"href":"https:\/\/www.liebedesign.de\/index.php?rest_route=%2Fwp%2Fv2%2Fcomments&post=3651"}],"version-history":[{"count":3,"href":"https:\/\/www.liebedesign.de\/index.php?rest_route=\/wp\/v2\/posts\/3651\/revisions"}],"predecessor-version":[{"id":4534,"href":"https:\/\/www.liebedesign.de\/index.php?rest_route=\/wp\/v2\/posts\/3651\/revisions\/4534"}],"wp:attachment":[{"href":"https:\/\/www.liebedesign.de\/index.php?rest_route=%2Fwp%2Fv2%2Fmedia&parent=3651"}],"wp:term":[{"taxonomy":"category","embeddable":true,"href":"https:\/\/www.liebedesign.de\/index.php?rest_route=%2Fwp%2Fv2%2Fcategories&post=3651"},{"taxonomy":"post_tag","embeddable":true,"href":"https:\/\/www.liebedesign.de\/index.php?rest_route=%2Fwp%2Fv2%2Ftags&post=3651"}],"curies":[{"name":"wp","href":"https:\/\/api.w.org\/{rel}","templated":true}]}}