{"id":4089,"date":"2017-12-01T21:34:45","date_gmt":"2017-12-01T21:34:45","guid":{"rendered":"http:\/\/www.liebedesign.de\/?p=4089"},"modified":"2018-07-10T08:23:13","modified_gmt":"2018-07-10T08:23:13","slug":"freutag-aber-wirklich","status":"publish","type":"post","link":"https:\/\/www.liebedesign.de\/?p=4089","title":{"rendered":"Freutag &#8211; aber wirklich!"},"content":{"rendered":"<div id=\"attachment_4084\" style=\"width: 893px\" class=\"wp-caption aligncenter\"><a href=\"https:\/\/i0.wp.com\/www.liebedesign.de\/wp-content\/uploads\/2017\/12\/IMG_3972.jpg\"><img data-recalc-dims=\"1\" loading=\"lazy\" decoding=\"async\" aria-describedby=\"caption-attachment-4084\" class=\"size-full wp-image-4084\" src=\"https:\/\/i0.wp.com\/www.liebedesign.de\/wp-content\/uploads\/2017\/12\/IMG_3972.jpg?resize=620%2C719\" alt=\"\" width=\"620\" height=\"719\" srcset=\"https:\/\/i0.wp.com\/www.liebedesign.de\/wp-content\/uploads\/2017\/12\/IMG_3972.jpg?w=883&amp;ssl=1 883w, https:\/\/i0.wp.com\/www.liebedesign.de\/wp-content\/uploads\/2017\/12\/IMG_3972.jpg?resize=259%2C300&amp;ssl=1 259w, https:\/\/i0.wp.com\/www.liebedesign.de\/wp-content\/uploads\/2017\/12\/IMG_3972.jpg?resize=768%2C891&amp;ssl=1 768w\" sizes=\"auto, (max-width: 620px) 100vw, 620px\" \/><\/a><p id=\"caption-attachment-4084\" class=\"wp-caption-text\">\u00a9 Sara Liebe<\/p><\/div>\n<p>Mein N\u00e4hmaschinchen raucht und hat sich eine Pause verdient &#8211; tapferes Ding! Musste sich durch so viele Materialien fressen. Es war ratternde Woche, ganz dem Fertigen der Taschen gewidmet, die ich allj\u00e4hrlich aus dem Banner unseres m\u00e4rchenhaften Adventsbasars der Schule fertige. <strong><!--more--><\/strong><\/p>\n<div id=\"attachment_4083\" style=\"width: 778px\" class=\"wp-caption aligncenter\"><a href=\"https:\/\/i0.wp.com\/www.liebedesign.de\/wp-content\/uploads\/2017\/12\/IMG_3991.jpg\"><img data-recalc-dims=\"1\" loading=\"lazy\" decoding=\"async\" aria-describedby=\"caption-attachment-4083\" class=\"size-full wp-image-4083\" src=\"https:\/\/i0.wp.com\/www.liebedesign.de\/wp-content\/uploads\/2017\/12\/IMG_3991.jpg?resize=620%2C827\" alt=\"\" width=\"620\" height=\"827\" srcset=\"https:\/\/i0.wp.com\/www.liebedesign.de\/wp-content\/uploads\/2017\/12\/IMG_3991.jpg?w=768&amp;ssl=1 768w, https:\/\/i0.wp.com\/www.liebedesign.de\/wp-content\/uploads\/2017\/12\/IMG_3991.jpg?resize=225%2C300&amp;ssl=1 225w\" sizes=\"auto, (max-width: 620px) 100vw, 620px\" \/><\/a><p id=\"caption-attachment-4083\" class=\"wp-caption-text\">\u00a9 Sara Liebe<\/p><\/div>\n<p>Zu schade, um es zu entsorgen, kam mir die Idee, daraus n\u00fctzliche Sachen zu erstellen, um dem Werbewahnsinnsm\u00fcll etwas entgegen zu wirken.<\/p>\n<div id=\"attachment_4085\" style=\"width: 753px\" class=\"wp-caption aligncenter\"><a href=\"https:\/\/i0.wp.com\/www.liebedesign.de\/wp-content\/uploads\/2017\/12\/IMG_3966.jpg\"><img data-recalc-dims=\"1\" loading=\"lazy\" decoding=\"async\" aria-describedby=\"caption-attachment-4085\" class=\"size-full wp-image-4085\" src=\"https:\/\/i0.wp.com\/www.liebedesign.de\/wp-content\/uploads\/2017\/12\/IMG_3966.jpg?resize=620%2C854\" alt=\"\" width=\"620\" height=\"854\" srcset=\"https:\/\/i0.wp.com\/www.liebedesign.de\/wp-content\/uploads\/2017\/12\/IMG_3966.jpg?w=743&amp;ssl=1 743w, https:\/\/i0.wp.com\/www.liebedesign.de\/wp-content\/uploads\/2017\/12\/IMG_3966.jpg?resize=218%2C300&amp;ssl=1 218w\" sizes=\"auto, (max-width: 620px) 100vw, 620px\" \/><\/a><p id=\"caption-attachment-4085\" class=\"wp-caption-text\">\u00a9 Sara Liebe<\/p><\/div>\n<p>Jedes T\u00e4schchen ist einzigartig und daran erfreue ich mich immer wieder, aus dem k\u00fchlen Plastikmaterial etwas warmes zu zaubern. Das Motiv teile ich mir immer mit meiner Kollegin <a href=\"http:\/\/gabriele-renz-malerei.de\/\" target=\"_blank\" rel=\"noopener\">Gabriele Renz<\/a> und die derzeitige Auflage ist mit ihrem h\u00fcbschen Motiv &#8222;Aschenbr\u00f6del&#8220;. Was hier hier noch seht ist &#8222;Rotk\u00e4ppchen&#8220;, von mir aus dem vorletzten Jahr, die ich diese Woche endlich fertig gestellt habe, da ich es letztes Jahr nicht alles geschafft hatte zu n\u00e4hen. \u2014 Vielleicht sehen wir uns ja da, beim Adventsbasar der <a href=\"http:\/\/www.waldorfschule-gladbeck.de\/\" target=\"_blank\" rel=\"noopener\">Freien Waldorfschule Gladbeck<\/a>&#8230; Habt einen gem\u00fctlichen ersten Advent!<\/p>\n<div id=\"attachment_4086\" style=\"width: 778px\" class=\"wp-caption aligncenter\"><a href=\"https:\/\/i0.wp.com\/www.liebedesign.de\/wp-content\/uploads\/2017\/12\/IMG_3957.jpg\"><img data-recalc-dims=\"1\" loading=\"lazy\" decoding=\"async\" aria-describedby=\"caption-attachment-4086\" class=\"size-full wp-image-4086\" src=\"https:\/\/i0.wp.com\/www.liebedesign.de\/wp-content\/uploads\/2017\/12\/IMG_3957.jpg?resize=620%2C827\" alt=\"\" width=\"620\" height=\"827\" srcset=\"https:\/\/i0.wp.com\/www.liebedesign.de\/wp-content\/uploads\/2017\/12\/IMG_3957.jpg?w=768&amp;ssl=1 768w, https:\/\/i0.wp.com\/www.liebedesign.de\/wp-content\/uploads\/2017\/12\/IMG_3957.jpg?resize=225%2C300&amp;ssl=1 225w\" sizes=\"auto, (max-width: 620px) 100vw, 620px\" \/><\/a><p id=\"caption-attachment-4086\" class=\"wp-caption-text\">\u00a9 Sara Liebe<\/p><\/div>\n<p>&nbsp;<\/p>\n<p>Seid herzlich gegr\u00fc\u00dft und habt Dank f\u00fcr jeden hinterlassenen Kommentar!<\/p>\n<p>Sara<\/p>\n<p>&nbsp;<\/p>\n<p>&nbsp;<\/p>\n<hr \/>\n<p>Meine Freude dar\u00fcber teile ich hier auf diesen Seiten: <a href=\"http:\/\/freutag.blogspot.de\/2017\/12\/freutag-233.html\" target=\"_blank\" rel=\"noopener\">Freutag<\/a> und <a href=\"https:\/\/eclectichamilton.blogspot.de\/2017\/11\/sunday-inspiration-no128.html\" target=\"_blank\" rel=\"noopener\">LunaJu<\/a><\/p>\n<p><strong>Ihr findet mich auch hier ::: You also find me here: <a href=\"https:\/\/www.instagram.com\/liebes_atelier\/\" target=\"_blank\" rel=\"noopener\">liebes_atelier<\/a> + <\/strong><a href=\"https:\/\/www.pinterest.de\/liebesatelier\/\" target=\"_blank\" rel=\"noopener\"><strong>Liebes Atelier<\/strong><\/a><\/p>\n<h6>Bitte fragt mich vorher, wenn ihr meine Bilder auf anderen Plattformen, wie z.B. Pinterest, Instagram, oder\u2026 online stellen wollt, dar\u00fcber freue ich mich, aber ich freue mich auch dar\u00fcber, wenn man mit mir in den Austausch geht, ob das in Ordnung w\u00e4re \u2013 danke \u2013 COPYRIGHT beherzen, gell?!<\/h6>\n","protected":false},"excerpt":{"rendered":"<p>Mein N\u00e4hmaschinchen raucht und hat sich eine Pause verdient &#8211; tapferes Ding! Musste sich durch so viele Materialien fressen. Es war ratternde Woche, ganz dem Fertigen der Taschen gewidmet, die ich allj\u00e4hrlich aus dem Banner unseres m\u00e4rchenhaften Adventsbasars der Schule &hellip; <a href=\"https:\/\/www.liebedesign.de\/?p=4089\">Weiterlesen <span class=\"meta-nav\">&rarr;<\/span><\/a><\/p>\n","protected":false},"author":1,"featured_media":0,"comment_status":"open","ping_status":"open","sticky":false,"template":"","format":"image","meta":{"advanced_seo_description":"","jetpack_seo_html_title":"","jetpack_seo_noindex":false,"jetpack_post_was_ever_published":false,"_jetpack_newsletter_access":"","_jetpack_dont_email_post_to_subs":false,"_jetpack_newsletter_tier_id":0,"_jetpack_memberships_contains_paywalled_content":false,"_jetpack_memberships_contains_paid_content":false,"footnotes":""},"categories":[1,25,9,14],"tags":[],"class_list":["post-4089","post","type-post","status-publish","format-image","hentry","category-allgemein","category-genaehtes","category-handmade","category-neuigkeiten","post_format-post-format-image"],"jetpack_featured_media_url":"","jetpack_shortlink":"https:\/\/wp.me\/p5EgJb-13X","jetpack_sharing_enabled":true,"jetpack-related-posts":[],"_links":{"self":[{"href":"https:\/\/www.liebedesign.de\/index.php?rest_route=\/wp\/v2\/posts\/4089","targetHints":{"allow":["GET"]}}],"collection":[{"href":"https:\/\/www.liebedesign.de\/index.php?rest_route=\/wp\/v2\/posts"}],"about":[{"href":"https:\/\/www.liebedesign.de\/index.php?rest_route=\/wp\/v2\/types\/post"}],"author":[{"embeddable":true,"href":"https:\/\/www.liebedesign.de\/index.php?rest_route=\/wp\/v2\/users\/1"}],"replies":[{"embeddable":true,"href":"https:\/\/www.liebedesign.de\/index.php?rest_route=%2Fwp%2Fv2%2Fcomments&post=4089"}],"version-history":[{"count":4,"href":"https:\/\/www.liebedesign.de\/index.php?rest_route=\/wp\/v2\/posts\/4089\/revisions"}],"predecessor-version":[{"id":4519,"href":"https:\/\/www.liebedesign.de\/index.php?rest_route=\/wp\/v2\/posts\/4089\/revisions\/4519"}],"wp:attachment":[{"href":"https:\/\/www.liebedesign.de\/index.php?rest_route=%2Fwp%2Fv2%2Fmedia&parent=4089"}],"wp:term":[{"taxonomy":"category","embeddable":true,"href":"https:\/\/www.liebedesign.de\/index.php?rest_route=%2Fwp%2Fv2%2Fcategories&post=4089"},{"taxonomy":"post_tag","embeddable":true,"href":"https:\/\/www.liebedesign.de\/index.php?rest_route=%2Fwp%2Fv2%2Ftags&post=4089"}],"curies":[{"name":"wp","href":"https:\/\/api.w.org\/{rel}","templated":true}]}}