{"id":4127,"date":"2017-12-12T08:48:15","date_gmt":"2017-12-12T08:48:15","guid":{"rendered":"http:\/\/www.liebedesign.de\/?p=4127"},"modified":"2018-07-10T08:22:51","modified_gmt":"2018-07-10T08:22:51","slug":"wollglueck-loopschal","status":"publish","type":"post","link":"https:\/\/www.liebedesign.de\/?p=4127","title":{"rendered":"Wollgl\u00fcck* &#8211; Loopschal"},"content":{"rendered":"<div id=\"attachment_4123\" style=\"width: 778px\" class=\"wp-caption aligncenter\"><a href=\"https:\/\/i0.wp.com\/www.liebedesign.de\/wp-content\/uploads\/2017\/12\/IMG_4166.jpg\"><img data-recalc-dims=\"1\" loading=\"lazy\" decoding=\"async\" aria-describedby=\"caption-attachment-4123\" class=\"size-full wp-image-4123\" src=\"https:\/\/i0.wp.com\/www.liebedesign.de\/wp-content\/uploads\/2017\/12\/IMG_4166.jpg?resize=620%2C827\" alt=\"\" width=\"620\" height=\"827\" srcset=\"https:\/\/i0.wp.com\/www.liebedesign.de\/wp-content\/uploads\/2017\/12\/IMG_4166.jpg?w=768&amp;ssl=1 768w, https:\/\/i0.wp.com\/www.liebedesign.de\/wp-content\/uploads\/2017\/12\/IMG_4166.jpg?resize=225%2C300&amp;ssl=1 225w\" sizes=\"auto, (max-width: 620px) 100vw, 620px\" \/><\/a><p id=\"caption-attachment-4123\" class=\"wp-caption-text\">\u00a9 Sara Liebe<\/p><\/div>\n<p>Die Strickfee bin ich nicht, aber einfache Sachen, wie linke und rechte Maschen, gerade hoch, das bekomme ich hin. ;-) Die Wolle war so weich, die kuschelte sich f\u00f6rmlich an mich, als ich den Laden verlie\u00df, da war mein Widerstand gering und gestattete ihr mit mir zu kommen. <strong><!--more--><\/strong><\/p>\n<div id=\"attachment_4124\" style=\"width: 1034px\" class=\"wp-caption aligncenter\"><a href=\"https:\/\/i0.wp.com\/www.liebedesign.de\/wp-content\/uploads\/2017\/12\/IMG_4167.jpg\"><img data-recalc-dims=\"1\" loading=\"lazy\" decoding=\"async\" aria-describedby=\"caption-attachment-4124\" class=\"size-full wp-image-4124\" src=\"https:\/\/i0.wp.com\/www.liebedesign.de\/wp-content\/uploads\/2017\/12\/IMG_4167.jpg?resize=620%2C465\" alt=\"\" width=\"620\" height=\"465\" srcset=\"https:\/\/i0.wp.com\/www.liebedesign.de\/wp-content\/uploads\/2017\/12\/IMG_4167.jpg?w=1024&amp;ssl=1 1024w, https:\/\/i0.wp.com\/www.liebedesign.de\/wp-content\/uploads\/2017\/12\/IMG_4167.jpg?resize=300%2C225&amp;ssl=1 300w, https:\/\/i0.wp.com\/www.liebedesign.de\/wp-content\/uploads\/2017\/12\/IMG_4167.jpg?resize=768%2C576&amp;ssl=1 768w\" sizes=\"auto, (max-width: 620px) 100vw, 620px\" \/><\/a><p id=\"caption-attachment-4124\" class=\"wp-caption-text\">\u00a9 Sara Liebe<\/p><\/div>\n<p>Da die Wolle aus einem sch\u00f6nen dicken Garn ist, ging das auch f\u00fcr einen Stricklegastheniker wie mich, recht flott von der Hand. Nun ist das gute Strickwerk namens Wollgl\u00fcck* an die Wichtelwerkstatt weiter gereicht worden, die es f\u00fcr mich verpackt und verschickt haben. \u2013 Da bin ich aber gespannt, ob es meiner Herzensfreundin gef\u00e4llt.<\/p>\n<p>Was strickt ihr euch grad so von der Seele?<\/p>\n<p>&nbsp;<\/p>\n<p>Seid herzlich gegr\u00fc\u00dft und habt Dank f\u00fcr jeden hinterlassenen Kommentar!<\/p>\n<p>Sara<\/p>\n<p>&nbsp;<\/p>\n<p>&nbsp;<\/p>\n<hr \/>\n<p>Das Wollgl\u00fcck teile ich hier: <a href=\"http:\/\/www.creadienstag.de\/2017\/12\/Linkparty309.html\" target=\"_blank\" rel=\"noopener\">creadienstag<\/a><a href=\"https:\/\/kaminrot.blogspot.de\/2017\/11\/samstagsplausch-4617.html\" target=\"_blank\" rel=\"noopener\">,<\/a> <a href=\"http:\/\/dienstagsdinge.blogspot.de\/2017\/12\/5017.html\" target=\"_blank\" rel=\"noopener\">DienstagsDinge<\/a><a href=\"https:\/\/kaminrot.blogspot.de\/2017\/11\/samstagsplausch-4617.html\" target=\"_blank\" rel=\"noopener\">,<\/a> <a href=\"http:\/\/handmadeontuesday.blogspot.de\/2017\/12\/handmade-on-tuesday-130.html\" target=\"_blank\" rel=\"noopener\">handmadeontuesday<\/a><a href=\"https:\/\/kaminrot.blogspot.de\/2017\/11\/samstagsplausch-4617.html\" target=\"_blank\" rel=\"noopener\">, <\/a><a href=\"http:\/\/www.pamelopee.de\/2017\/12\/crealopee-dezember-2017.html\" target=\"_blank\" rel=\"noopener\">crealopee<\/a><a href=\"https:\/\/kaminrot.blogspot.de\/2017\/11\/samstagsplausch-4617.html\" target=\"_blank\" rel=\"noopener\">,<\/a> <a href=\"http:\/\/frollein-pfau.blogspot.de\/2017\/12\/mittwochs-mag-ich-mmi-215.html\" target=\"_blank\" rel=\"noopener\">mittwochsmagich<\/a> und <a href=\"http:\/\/allie-and-me-design.blogspot.de\/2017\/10\/weihnachtszauber-2017-linkparty.html\" target=\"_blank\" rel=\"noopener\">Weihnachtszauber<\/a><\/p>\n<p><strong>Ihr findet mich auch hier ::: You also find me here: <a href=\"https:\/\/www.instagram.com\/liebes_atelier\/\" target=\"_blank\" rel=\"noopener\">liebes_atelier<\/a> + <\/strong><a href=\"https:\/\/www.pinterest.de\/liebesatelier\/\" target=\"_blank\" rel=\"noopener\"><strong>Liebes Atelier<\/strong><\/a><\/p>\n<h6>Bitte fragt mich vorher, wenn ihr meine Bilder auf anderen Plattformen, wie z.B. Pinterest, Instagram, oder\u2026 online stellen wollt, dar\u00fcber freue ich mich, aber ich freue mich auch dar\u00fcber, wenn man mit mir in den Austausch geht, ob das in Ordnung w\u00e4re \u2013 danke \u2013 COPYRIGHT beherzen, gell?!<\/h6>\n","protected":false},"excerpt":{"rendered":"<p>Die Strickfee bin ich nicht, aber einfache Sachen, wie linke und rechte Maschen, gerade hoch, das bekomme ich hin. ;-) Die Wolle war so weich, die kuschelte sich f\u00f6rmlich an mich, als ich den Laden verlie\u00df, da war mein Widerstand &hellip; <a href=\"https:\/\/www.liebedesign.de\/?p=4127\">Weiterlesen <span class=\"meta-nav\">&rarr;<\/span><\/a><\/p>\n","protected":false},"author":1,"featured_media":0,"comment_status":"open","ping_status":"open","sticky":false,"template":"","format":"image","meta":{"advanced_seo_description":"","jetpack_seo_html_title":"","jetpack_seo_noindex":false,"jetpack_post_was_ever_published":false,"_jetpack_newsletter_access":"","_jetpack_dont_email_post_to_subs":false,"_jetpack_newsletter_tier_id":0,"_jetpack_memberships_contains_paywalled_content":false,"_jetpack_memberships_contains_paid_content":false,"footnotes":""},"categories":[1],"tags":[],"class_list":["post-4127","post","type-post","status-publish","format-image","hentry","category-allgemein","post_format-post-format-image"],"jetpack_featured_media_url":"","jetpack_shortlink":"https:\/\/wp.me\/p5EgJb-14z","jetpack_sharing_enabled":true,"jetpack-related-posts":[],"_links":{"self":[{"href":"https:\/\/www.liebedesign.de\/index.php?rest_route=\/wp\/v2\/posts\/4127","targetHints":{"allow":["GET"]}}],"collection":[{"href":"https:\/\/www.liebedesign.de\/index.php?rest_route=\/wp\/v2\/posts"}],"about":[{"href":"https:\/\/www.liebedesign.de\/index.php?rest_route=\/wp\/v2\/types\/post"}],"author":[{"embeddable":true,"href":"https:\/\/www.liebedesign.de\/index.php?rest_route=\/wp\/v2\/users\/1"}],"replies":[{"embeddable":true,"href":"https:\/\/www.liebedesign.de\/index.php?rest_route=%2Fwp%2Fv2%2Fcomments&post=4127"}],"version-history":[{"count":8,"href":"https:\/\/www.liebedesign.de\/index.php?rest_route=\/wp\/v2\/posts\/4127\/revisions"}],"predecessor-version":[{"id":4517,"href":"https:\/\/www.liebedesign.de\/index.php?rest_route=\/wp\/v2\/posts\/4127\/revisions\/4517"}],"wp:attachment":[{"href":"https:\/\/www.liebedesign.de\/index.php?rest_route=%2Fwp%2Fv2%2Fmedia&parent=4127"}],"wp:term":[{"taxonomy":"category","embeddable":true,"href":"https:\/\/www.liebedesign.de\/index.php?rest_route=%2Fwp%2Fv2%2Fcategories&post=4127"},{"taxonomy":"post_tag","embeddable":true,"href":"https:\/\/www.liebedesign.de\/index.php?rest_route=%2Fwp%2Fv2%2Ftags&post=4127"}],"curies":[{"name":"wp","href":"https:\/\/api.w.org\/{rel}","templated":true}]}}