{"id":4842,"date":"2019-10-19T09:19:25","date_gmt":"2019-10-19T09:19:25","guid":{"rendered":"https:\/\/www.liebedesign.de\/?p=4842"},"modified":"2019-10-19T09:25:18","modified_gmt":"2019-10-19T09:25:18","slug":"mein-teilzeitstudium-wollt-ihr-mehr-dazu-wissen","status":"publish","type":"post","link":"https:\/\/www.liebedesign.de\/?p=4842","title":{"rendered":"Mein Teilzeitstudium &#8211; wollt ihr mehr dazu wissen?"},"content":{"rendered":"<div id=\"attachment_4848\" style=\"width: 1034px\" class=\"wp-caption aligncenter\"><a href=\"https:\/\/i0.wp.com\/www.liebedesign.de\/wp-content\/uploads\/2019\/10\/KuTh_1.WE_04_%C2%A9SaraLiebe.jpeg?ssl=1\"><img data-recalc-dims=\"1\" loading=\"lazy\" decoding=\"async\" aria-describedby=\"caption-attachment-4848\" class=\"size-full wp-image-4848\" src=\"https:\/\/i0.wp.com\/www.liebedesign.de\/wp-content\/uploads\/2019\/10\/KuTh_1.WE_04_%C2%A9SaraLiebe.jpeg?resize=620%2C465&#038;ssl=1\" alt=\"\" width=\"620\" height=\"465\" srcset=\"https:\/\/i0.wp.com\/www.liebedesign.de\/wp-content\/uploads\/2019\/10\/KuTh_1.WE_04_%C2%A9SaraLiebe.jpeg?w=1024&amp;ssl=1 1024w, https:\/\/i0.wp.com\/www.liebedesign.de\/wp-content\/uploads\/2019\/10\/KuTh_1.WE_04_%C2%A9SaraLiebe.jpeg?resize=300%2C225&amp;ssl=1 300w, https:\/\/i0.wp.com\/www.liebedesign.de\/wp-content\/uploads\/2019\/10\/KuTh_1.WE_04_%C2%A9SaraLiebe.jpeg?resize=768%2C576&amp;ssl=1 768w\" sizes=\"auto, (max-width: 620px) 100vw, 620px\" \/><\/a><p id=\"caption-attachment-4848\" class=\"wp-caption-text\">\u00a9 Sara Liebe<\/p><\/div>\n<p>Seit September studiere ich an der <a href=\"https:\/\/www.alanus.edu\/de\/home\/\" target=\"_blank\" rel=\"noopener noreferrer\">Alanus Hochschule<\/a> in Alfter. Ein Teilzeitstudium, das \u00fcber vier Jahre geht. Vier Jahre vollgepackt mit Wissen und Erfahrungen. <strong><!--more--><\/strong>Mein Respekt dem Studium gegen\u00fcber war sehr hoch. Jetzt nach dem zweiten Wochenende sp\u00fcre ich, wie ich aus vollem Herzen Ja sagen kann. \u2013 Der Studiengang hei\u00dft \u00fcbrigens <a href=\"https:\/\/www.alanus.edu\/de\/studium\/studiengaenge\/detail\/kunsttherapie-sozialkunst-bachelor-of-arts-teilzeit\/29ea10429b356e47daaa9bad4fb50926\/\" target=\"_blank\" rel=\"noopener noreferrer\">Kunsttherapie und Sozialkunst<\/a>.<\/p>\n<div id=\"attachment_4846\" style=\"width: 1034px\" class=\"wp-caption aligncenter\"><a href=\"https:\/\/i0.wp.com\/www.liebedesign.de\/wp-content\/uploads\/2019\/10\/KuTh_1.WE_02_%C2%A9SaraLiebe.jpeg?ssl=1\"><img data-recalc-dims=\"1\" loading=\"lazy\" decoding=\"async\" aria-describedby=\"caption-attachment-4846\" class=\"wp-image-4846 size-full\" src=\"https:\/\/i0.wp.com\/www.liebedesign.de\/wp-content\/uploads\/2019\/10\/KuTh_1.WE_02_%C2%A9SaraLiebe.jpeg?resize=620%2C465&#038;ssl=1\" alt=\"\" width=\"620\" height=\"465\" srcset=\"https:\/\/i0.wp.com\/www.liebedesign.de\/wp-content\/uploads\/2019\/10\/KuTh_1.WE_02_%C2%A9SaraLiebe.jpeg?w=1024&amp;ssl=1 1024w, https:\/\/i0.wp.com\/www.liebedesign.de\/wp-content\/uploads\/2019\/10\/KuTh_1.WE_02_%C2%A9SaraLiebe.jpeg?resize=300%2C225&amp;ssl=1 300w, https:\/\/i0.wp.com\/www.liebedesign.de\/wp-content\/uploads\/2019\/10\/KuTh_1.WE_02_%C2%A9SaraLiebe.jpeg?resize=768%2C576&amp;ssl=1 768w\" sizes=\"auto, (max-width: 620px) 100vw, 620px\" \/><\/a><p id=\"caption-attachment-4846\" class=\"wp-caption-text\">\u00a9 Sara Liebe<\/p><\/div>\n<p>Es wird sicher ein paar Durststrecken geben, denn die Anforderungen sind nicht ohne. Allein die Menge an Lekt\u00fcre, die empfohlen wird, braucht seine Zeit. Die Praktika, die gefordert sind. Die &#8222;Heimarbeit&#8220; und letztendlich die Haus- und Bachelorarbeit. Auch die Anforderung &#8222;nebenher&#8220; zu arbeiten oder &#8222;nebenher&#8220; zu studieren, muss ber\u00fccksichtigt werden. Eigentlich gibt es kein Nebenher. Bei beiden Sachen nicht. Trotzdem bin ich sehr dankbar, dass es die M\u00f6glichkeit eines Teilzeitstudiums gibt.<\/p>\n<div id=\"attachment_4847\" style=\"width: 1034px\" class=\"wp-caption aligncenter\"><a href=\"https:\/\/i0.wp.com\/www.liebedesign.de\/wp-content\/uploads\/2019\/10\/KuTh_1.WE_03_%C2%A9SaraLiebe.jpeg?ssl=1\"><img data-recalc-dims=\"1\" loading=\"lazy\" decoding=\"async\" aria-describedby=\"caption-attachment-4847\" class=\"wp-image-4847 size-full\" src=\"https:\/\/i0.wp.com\/www.liebedesign.de\/wp-content\/uploads\/2019\/10\/KuTh_1.WE_03_%C2%A9SaraLiebe.jpeg?resize=620%2C465&#038;ssl=1\" alt=\"\" width=\"620\" height=\"465\" srcset=\"https:\/\/i0.wp.com\/www.liebedesign.de\/wp-content\/uploads\/2019\/10\/KuTh_1.WE_03_%C2%A9SaraLiebe.jpeg?w=1024&amp;ssl=1 1024w, https:\/\/i0.wp.com\/www.liebedesign.de\/wp-content\/uploads\/2019\/10\/KuTh_1.WE_03_%C2%A9SaraLiebe.jpeg?resize=300%2C225&amp;ssl=1 300w, https:\/\/i0.wp.com\/www.liebedesign.de\/wp-content\/uploads\/2019\/10\/KuTh_1.WE_03_%C2%A9SaraLiebe.jpeg?resize=768%2C576&amp;ssl=1 768w\" sizes=\"auto, (max-width: 620px) 100vw, 620px\" \/><\/a><p id=\"caption-attachment-4847\" class=\"wp-caption-text\">\u00a9 Sara Liebe<\/p><\/div>\n<div id=\"attachment_4849\" style=\"width: 1034px\" class=\"wp-caption aligncenter\"><a href=\"https:\/\/i0.wp.com\/www.liebedesign.de\/wp-content\/uploads\/2019\/10\/KuTh_1.WE_05_%C2%A9SaraLiebe.jpeg?ssl=1\"><img data-recalc-dims=\"1\" loading=\"lazy\" decoding=\"async\" aria-describedby=\"caption-attachment-4849\" class=\"size-full wp-image-4849\" src=\"https:\/\/i0.wp.com\/www.liebedesign.de\/wp-content\/uploads\/2019\/10\/KuTh_1.WE_05_%C2%A9SaraLiebe.jpeg?resize=620%2C465&#038;ssl=1\" alt=\"\" width=\"620\" height=\"465\" srcset=\"https:\/\/i0.wp.com\/www.liebedesign.de\/wp-content\/uploads\/2019\/10\/KuTh_1.WE_05_%C2%A9SaraLiebe.jpeg?w=1024&amp;ssl=1 1024w, https:\/\/i0.wp.com\/www.liebedesign.de\/wp-content\/uploads\/2019\/10\/KuTh_1.WE_05_%C2%A9SaraLiebe.jpeg?resize=300%2C225&amp;ssl=1 300w, https:\/\/i0.wp.com\/www.liebedesign.de\/wp-content\/uploads\/2019\/10\/KuTh_1.WE_05_%C2%A9SaraLiebe.jpeg?resize=768%2C576&amp;ssl=1 768w\" sizes=\"auto, (max-width: 620px) 100vw, 620px\" \/><\/a><p id=\"caption-attachment-4849\" class=\"wp-caption-text\">\u00a9 Sara Liebe<\/p><\/div>\n<p>Nach wie vor habe ich gro\u00dfen Respekt vor allem und doch sp\u00fcre ich, dass es mich sehr bereichern wird. Bereichern, dass ich mutig in die Welt hinausschreiten kann, um Gelerntes anwenden zu k\u00f6nnen. Mich k\u00fcnsterlisch bereichern, da ich Positionen einnehme, die ich alleine nicht beschritten h\u00e4tte.<\/p>\n<div id=\"attachment_4845\" style=\"width: 630px\" class=\"wp-caption aligncenter\"><a href=\"https:\/\/i0.wp.com\/www.liebedesign.de\/wp-content\/uploads\/2019\/10\/KuTh_1.WE_01_%C2%A9SaraLiebe.jpeg?ssl=1\"><img data-recalc-dims=\"1\" loading=\"lazy\" decoding=\"async\" aria-describedby=\"caption-attachment-4845\" class=\"wp-image-4845 size-large\" src=\"https:\/\/i0.wp.com\/www.liebedesign.de\/wp-content\/uploads\/2019\/10\/KuTh_1.WE_01_%C2%A9SaraLiebe.jpeg?resize=620%2C465&#038;ssl=1\" alt=\"\" width=\"620\" height=\"465\" srcset=\"https:\/\/i0.wp.com\/www.liebedesign.de\/wp-content\/uploads\/2019\/10\/KuTh_1.WE_01_%C2%A9SaraLiebe.jpeg?w=1024&amp;ssl=1 1024w, https:\/\/i0.wp.com\/www.liebedesign.de\/wp-content\/uploads\/2019\/10\/KuTh_1.WE_01_%C2%A9SaraLiebe.jpeg?resize=300%2C225&amp;ssl=1 300w, https:\/\/i0.wp.com\/www.liebedesign.de\/wp-content\/uploads\/2019\/10\/KuTh_1.WE_01_%C2%A9SaraLiebe.jpeg?resize=768%2C576&amp;ssl=1 768w\" sizes=\"auto, (max-width: 620px) 100vw, 620px\" \/><\/a><p id=\"caption-attachment-4845\" class=\"wp-caption-text\">\u00a9 Sara Liebe<\/p><\/div>\n<p>Deshalb kann es sehr gut sein, dass nun auch Einblicke aus meinem Studium hier einfliessen.<\/p>\n<p>&nbsp;<\/p>\n<p>Ich sende euch einen herbstlichen Gru\u00df und danke euch f\u00fcr jeden hinterlassenen Kommentar!<\/p>\n<p>;-)<\/p>\n<p>Sara<\/p>\n<p>&nbsp;<\/p>\n<p>P.S.<\/p>\n<p><strong>Ihr findet mich auch hier ::: You also find me here: <a href=\"https:\/\/www.instagram.com\/liebes_atelier\/\" target=\"_blank\" rel=\"noopener noreferrer\">liebes_atelier<\/a> + <\/strong><a href=\"https:\/\/www.pinterest.de\/liebesatelier\/\" target=\"_blank\" rel=\"noopener noreferrer\"><strong>Liebes Atelier<\/strong><\/a><\/p>\n<h6>Bitte fragt mich vorher, wenn ihr meine Bilder auf anderen Plattformen, wie z.B. Pinterest, Instagram, oder\u2026 online stellen wollt, dar\u00fcber freue ich mich, aber ich freue mich auch dar\u00fcber, wenn man mit mir in den Austausch geht, ob das in Ordnung w\u00e4re \u2013 danke \u2013 COPYRIGHT beherzen, gell?!<\/h6>\n","protected":false},"excerpt":{"rendered":"<p>Seit September studiere ich an der Alanus Hochschule in Alfter. Ein Teilzeitstudium, das \u00fcber vier Jahre geht. Vier Jahre vollgepackt mit Wissen und Erfahrungen.<\/p>\n","protected":false},"author":1,"featured_media":0,"comment_status":"open","ping_status":"open","sticky":false,"template":"","format":"image","meta":{"advanced_seo_description":"","jetpack_seo_html_title":"","jetpack_seo_noindex":false,"jetpack_post_was_ever_published":false,"_jetpack_newsletter_access":"","_jetpack_dont_email_post_to_subs":false,"_jetpack_newsletter_tier_id":0,"_jetpack_memberships_contains_paywalled_content":false,"_jetpack_memberships_contains_paid_content":false,"footnotes":""},"categories":[1,46,14],"tags":[],"class_list":["post-4842","post","type-post","status-publish","format-image","hentry","category-allgemein","category-kunsttherapie-sozialkunst-studium","category-neuigkeiten","post_format-post-format-image"],"jetpack_featured_media_url":"","jetpack_shortlink":"https:\/\/wp.me\/p5EgJb-1g6","jetpack_sharing_enabled":true,"jetpack-related-posts":[],"_links":{"self":[{"href":"https:\/\/www.liebedesign.de\/index.php?rest_route=\/wp\/v2\/posts\/4842","targetHints":{"allow":["GET"]}}],"collection":[{"href":"https:\/\/www.liebedesign.de\/index.php?rest_route=\/wp\/v2\/posts"}],"about":[{"href":"https:\/\/www.liebedesign.de\/index.php?rest_route=\/wp\/v2\/types\/post"}],"author":[{"embeddable":true,"href":"https:\/\/www.liebedesign.de\/index.php?rest_route=\/wp\/v2\/users\/1"}],"replies":[{"embeddable":true,"href":"https:\/\/www.liebedesign.de\/index.php?rest_route=%2Fwp%2Fv2%2Fcomments&post=4842"}],"version-history":[{"count":3,"href":"https:\/\/www.liebedesign.de\/index.php?rest_route=\/wp\/v2\/posts\/4842\/revisions"}],"predecessor-version":[{"id":4851,"href":"https:\/\/www.liebedesign.de\/index.php?rest_route=\/wp\/v2\/posts\/4842\/revisions\/4851"}],"wp:attachment":[{"href":"https:\/\/www.liebedesign.de\/index.php?rest_route=%2Fwp%2Fv2%2Fmedia&parent=4842"}],"wp:term":[{"taxonomy":"category","embeddable":true,"href":"https:\/\/www.liebedesign.de\/index.php?rest_route=%2Fwp%2Fv2%2Fcategories&post=4842"},{"taxonomy":"post_tag","embeddable":true,"href":"https:\/\/www.liebedesign.de\/index.php?rest_route=%2Fwp%2Fv2%2Ftags&post=4842"}],"curies":[{"name":"wp","href":"https:\/\/api.w.org\/{rel}","templated":true}]}}