{"id":4932,"date":"2020-03-15T12:27:38","date_gmt":"2020-03-15T12:27:38","guid":{"rendered":"https:\/\/www.liebedesign.de\/?p=4932"},"modified":"2020-03-15T12:29:48","modified_gmt":"2020-03-15T12:29:48","slug":"absturz-und-freier-fall-der-kulturszene-hilf-uns-mit-deiner-stimme","status":"publish","type":"post","link":"https:\/\/www.liebedesign.de\/?p=4932","title":{"rendered":"Absturz und freier Fall der Kulturszene &#8211; hilf uns, mit Deiner Stimme."},"content":{"rendered":"<div id=\"attachment_4934\" style=\"width: 778px\" class=\"wp-caption aligncenter\"><a href=\"https:\/\/i0.wp.com\/www.liebedesign.de\/wp-content\/uploads\/2020\/03\/SaraLiebe_liebes_atelier_2020-e1584275105157.jpeg?ssl=1\"><img data-recalc-dims=\"1\" loading=\"lazy\" decoding=\"async\" aria-describedby=\"caption-attachment-4934\" class=\"size-full wp-image-4934\" src=\"https:\/\/i0.wp.com\/www.liebedesign.de\/wp-content\/uploads\/2020\/03\/SaraLiebe_liebes_atelier_2020-e1584275105157.jpeg?resize=620%2C551&#038;ssl=1\" alt=\"\" width=\"620\" height=\"551\" srcset=\"https:\/\/i0.wp.com\/www.liebedesign.de\/wp-content\/uploads\/2020\/03\/SaraLiebe_liebes_atelier_2020-e1584275105157.jpeg?w=768&amp;ssl=1 768w, https:\/\/i0.wp.com\/www.liebedesign.de\/wp-content\/uploads\/2020\/03\/SaraLiebe_liebes_atelier_2020-e1584275105157.jpeg?resize=300%2C267&amp;ssl=1 300w\" sizes=\"auto, (max-width: 620px) 100vw, 620px\" \/><\/a><p id=\"caption-attachment-4934\" class=\"wp-caption-text\">\u00a9 Sara Liebe<\/p><\/div>\n<p>Hallo Ihr Lieben,<\/p>\n<p>aufgrund der aktuellen Situation habe ich zwei Bitten, an meine wenigen Leser hier. Helft der Kreativbranche und der Kulturszene mit eurer Stimme. Helft uns, den schlimmen Aufprall, monatelangem Verdienstausfalls, entgegen wirken zu k\u00f6nnen. Die laufenden Kosten bleiben bestehen, das Einkommen jedoch ist von einem Tag auf den anderen weg und es wird auch in den n\u00e4chsten Monaten nicht so aussehen, als wenn sich das Ganze beruhigen wird. Die Sachen, die ausfallen, werden, ja k\u00f6nnen nicht nachgeholt werden. So ist es. Das Einkommen ist definitiv verbrannt.<\/p>\n<p>Aber mit Eurer Stimme, k\u00f6nnen wir vielleicht bewirken, dass wir, auch wenn wir nicht Corona hatten und nachweislich in Quarant\u00e4ne gestellt wurden, eine Art Verdienstausfall erhalten. Hartz4 Empf\u00e4nger wird es auch, aufgrund dessen, vermehrt geben, da kann man auch gleich Geld in die Hand nehmen und bestehende Freiberufler, die auch ihre Steuern zahlen, unterst\u00fctzen.<\/p>\n<p>Es d\u00fcrfen nicht nur Banken von Steuergeldern gerettet werden, sondern diejenigen, die ihre Steuern zahlen.<\/p>\n<p>Hier kommt Ihr zur Petition:<\/p>\n<h1 class=\"headline theme-text-variant-1\" dir=\"ltr\" lang=\"de\"><a href=\"https:\/\/www.openpetition.de\/petition\/online\/hilfen-fuer-freiberufler-und-kuenstler-waehrend-des-corona-shutdowns-2\" target=\"_blank\" rel=\"noopener noreferrer\">Hilfen f\u00fcr Freiberufler und K\u00fcnstler w\u00e4hrend des &#8222;#Corona-Shutdowns&#8220;<\/a><\/h1>\n<p>&nbsp;<\/p>\n<p>Die andere Bitte, wenn Ihr in einem Angestelltenverh\u00e4ltnis seid, wohl sogar verbeamtet und Ihr nicht auf das Geld angewiesen seid, bitte, verzichtet auf den Erhalt von Erstattungen von Tickets, Workshops, etc. das w\u00fcrde soviel abfedern und es w\u00e4re eine Spende an diejenigen, unter denen der Boden gerade akut zerbricht.<\/p>\n<p>Jeden Tag leben wir in einer kulturell gepr\u00e4gten Welt, sei es nun, dass Ihr in Eurer Wohnung lebt, aus Eurer Kaffetasse trinkt, die Zeitung lest, ins Konzert geht, in Euer Auto steigt &#8211; das alles wurde von Gestaltern, Kreativen erstellt. Lasst uns bewusst werden, wieviel Einfluss die Kreativen auf unser allt\u00e4gliches Leben haben. Sie bereichern unsere Seele. Sie versch\u00f6nern unser aller Leben.<\/p>\n<p>Und wenn Ihr davon \u00fcberzeugt seid, tragt die Petition an alle weiter.<\/p>\n<p>Wir Kreativen, wovon die meisten am Existenzminimun kratzen, werden es Euch danken.<\/p>\n<p>&nbsp;<\/p>\n<p>Seid herzlich gegr\u00fc\u00dft,<\/p>\n<p>Sara<\/p>\n<p>&nbsp;<\/p>\n<p>P.S. &#8230; bleibt gesund und haltet zusammen.<\/p>\n<p>&nbsp;<\/p>\n<p><strong>Ihr findet mich auch hier ::: You also find me here: <a href=\"https:\/\/www.instagram.com\/liebes_atelier\/\" target=\"_blank\" rel=\"noopener noreferrer\">liebes_atelier<\/a> + <\/strong><a href=\"https:\/\/www.pinterest.de\/liebesatelier\/\" target=\"_blank\" rel=\"noopener noreferrer\"><strong>Liebes Atelier<\/strong><\/a><\/p>\n<h6>Bitte fragt mich vorher, wenn ihr meine Bilder auf anderen Plattformen, wie z.B. Pinterest, Instagram, oder\u2026 online stellen wollt, dar\u00fcber freue ich mich, aber ich freue mich auch dar\u00fcber, wenn man mit mir in den Austausch geht, ob das in Ordnung w\u00e4re \u2013 danke \u2013 COPYRIGHT beherzen, gell?!<\/h6>\n<p>&nbsp;<\/p>\n<p>&nbsp;<\/p>\n<p>&nbsp;<\/p>\n","protected":false},"excerpt":{"rendered":"<p>Hallo Ihr Lieben, aufgrund der aktuellen Situation habe ich zwei Bitten, an meine wenigen Leser hier. Helft der Kreativbranche und der Kulturszene mit eurer Stimme. Helft uns, den schlimmen Aufprall, monatelangem Verdienstausfalls, entgegen wirken zu k\u00f6nnen. Die laufenden Kosten bleiben &hellip; <a href=\"https:\/\/www.liebedesign.de\/?p=4932\">Weiterlesen <span class=\"meta-nav\">&rarr;<\/span><\/a><\/p>\n","protected":false},"author":1,"featured_media":0,"comment_status":"open","ping_status":"open","sticky":false,"template":"","format":"image","meta":{"advanced_seo_description":"","jetpack_seo_html_title":"","jetpack_seo_noindex":false,"jetpack_post_was_ever_published":false,"_jetpack_newsletter_access":"","_jetpack_dont_email_post_to_subs":false,"_jetpack_newsletter_tier_id":0,"_jetpack_memberships_contains_paywalled_content":false,"_jetpack_memberships_contains_paid_content":false,"footnotes":""},"categories":[1,14],"tags":[],"class_list":["post-4932","post","type-post","status-publish","format-image","hentry","category-allgemein","category-neuigkeiten","post_format-post-format-image"],"jetpack_featured_media_url":"","jetpack_shortlink":"https:\/\/wp.me\/p5EgJb-1hy","jetpack_sharing_enabled":true,"jetpack-related-posts":[],"_links":{"self":[{"href":"https:\/\/www.liebedesign.de\/index.php?rest_route=\/wp\/v2\/posts\/4932","targetHints":{"allow":["GET"]}}],"collection":[{"href":"https:\/\/www.liebedesign.de\/index.php?rest_route=\/wp\/v2\/posts"}],"about":[{"href":"https:\/\/www.liebedesign.de\/index.php?rest_route=\/wp\/v2\/types\/post"}],"author":[{"embeddable":true,"href":"https:\/\/www.liebedesign.de\/index.php?rest_route=\/wp\/v2\/users\/1"}],"replies":[{"embeddable":true,"href":"https:\/\/www.liebedesign.de\/index.php?rest_route=%2Fwp%2Fv2%2Fcomments&post=4932"}],"version-history":[{"count":4,"href":"https:\/\/www.liebedesign.de\/index.php?rest_route=\/wp\/v2\/posts\/4932\/revisions"}],"predecessor-version":[{"id":4938,"href":"https:\/\/www.liebedesign.de\/index.php?rest_route=\/wp\/v2\/posts\/4932\/revisions\/4938"}],"wp:attachment":[{"href":"https:\/\/www.liebedesign.de\/index.php?rest_route=%2Fwp%2Fv2%2Fmedia&parent=4932"}],"wp:term":[{"taxonomy":"category","embeddable":true,"href":"https:\/\/www.liebedesign.de\/index.php?rest_route=%2Fwp%2Fv2%2Fcategories&post=4932"},{"taxonomy":"post_tag","embeddable":true,"href":"https:\/\/www.liebedesign.de\/index.php?rest_route=%2Fwp%2Fv2%2Ftags&post=4932"}],"curies":[{"name":"wp","href":"https:\/\/api.w.org\/{rel}","templated":true}]}}