{"id":4954,"date":"2020-04-30T10:13:00","date_gmt":"2020-04-30T10:13:00","guid":{"rendered":"https:\/\/www.liebedesign.de\/?p=4954"},"modified":"2020-04-30T10:15:16","modified_gmt":"2020-04-30T10:15:16","slug":"corona-juwelen","status":"publish","type":"post","link":"https:\/\/www.liebedesign.de\/?p=4954","title":{"rendered":"Corona-Juwelen 01"},"content":{"rendered":"<div style=\"width: 620px;\" class=\"wp-video\"><!--[if lt IE 9]><script>document.createElement('video');<\/script><![endif]-->\n<video class=\"wp-video-shortcode\" id=\"video-4954-1\" width=\"620\" height=\"1102\" preload=\"metadata\" controls=\"controls\"><source type=\"video\/mp4\" src=\"https:\/\/www.liebedesign.de\/wp-content\/uploads\/2020\/04\/Corona-Juwelen_01\u00a9Liebe.mp4?_=1\" \/><a href=\"https:\/\/www.liebedesign.de\/wp-content\/uploads\/2020\/04\/Corona-Juwelen_01\u00a9Liebe.mp4\">https:\/\/www.liebedesign.de\/wp-content\/uploads\/2020\/04\/Corona-Juwelen_01\u00a9Liebe.mp4<\/a><\/video><\/div>\n<h1><\/h1>\n<h1>C O R O N A .<\/h1>\n<p>Wer kann dieses Wort noch h\u00f6ren?<\/p>\n<p><strong><!--more--><\/strong><\/p>\n<p>Es ist ziemlich schleichend daher gekommen und mit brachialer Kraft einher gefallen, walzt alles unter sich platt, ruhig, fl\u00e4chendeckend, gleich einem Lavastrom. \u2013 Aus lavagetr\u00e4nkter Erde sprie\u00dfen die sch\u00f6nsten Naturwunder.<\/p>\n<p>Soviel Leid und Elend wird durch all das verursacht und es ist noch nicht am Ende. Menschen, die nicht wissen, wie sie an Nahrung kommen, da sie nichts mehr haben. Hass und Not werden sich ausbreiten. Wir m\u00fcssen so wachsam sein, wie wir aus dieser Situation heraus gehen. Ein Spruch will mir gar nicht mehr aus dem Kopf&#8230; Werdet wie die Kinder&#8230;<\/p>\n<p>Ist es unsere Angst vor dem Tod?<\/p>\n<p>&nbsp;<\/p>\n<p>Ich geh\u00f6re zu der Berufsguppe, die erst einmal nicht systemrelevant zu sein scheint. \u2013 Aber ich denke, da irren viele, denn die Kunst, w\u00e4re jetzt mehr denn je gefragt, den Leuten Heilung zu verschaffen. Ruhe f\u00fcr ihre aufgescheuchten Seelen.<\/p>\n<p>Die ganze Zeit \u00fcberlege ich, ob ich meine Kurse online verlegen soll. Eigentlich ist es nicht das Gleiche, aber es w\u00e4re ein Schritt in die richtige Richtung: Gestalten.<\/p>\n<p>Was meint ihr?<\/p>\n<p>W\u00e4re es ein Versuch wert?<\/p>\n<p>&nbsp;<\/p>\n<p>Werdet wie die Kinder.<\/p>\n<p>&nbsp;<\/p>\n<p>&nbsp;<\/p>\n<p>Von Herzen,<\/p>\n<p>Sara<\/p>\n<p>&nbsp;<\/p>\n<p>P.S. &#8230; st\u00e4rkt die Kunst. Auch in euch.<\/p>\n<p>&nbsp;<\/p>\n<p><strong>Ihr findet mich auch hier ::: You also find me here: <a href=\"https:\/\/www.instagram.com\/liebes_atelier\/\" target=\"_blank\" rel=\"noopener noreferrer\">liebes_atelier<\/a> + <\/strong><a href=\"https:\/\/www.pinterest.de\/liebesatelier\/\" target=\"_blank\" rel=\"noopener noreferrer\"><strong>Liebes Atelier<\/strong><\/a><\/p>\n<h6>Bitte fragt mich vorher, wenn ihr meine Bilder auf anderen Plattformen, wie z.B. Pinterest, Instagram, oder\u2026 online stellen wollt, dar\u00fcber freue ich mich, aber ich freue mich auch dar\u00fcber, wenn man mit mir in den Austausch geht, ob das in Ordnung w\u00e4re \u2013 danke \u2013 COPYRIGHT beherzen, gell?!<\/h6>\n<p>&nbsp;<\/p>\n<p>&nbsp;<\/p>\n","protected":false},"excerpt":{"rendered":"<p>C O R O N A . Wer kann dieses Wort noch h\u00f6ren?<\/p>\n","protected":false},"author":1,"featured_media":0,"comment_status":"open","ping_status":"open","sticky":false,"template":"","format":"video","meta":{"advanced_seo_description":"","jetpack_seo_html_title":"","jetpack_seo_noindex":false,"jetpack_post_was_ever_published":false,"_jetpack_newsletter_access":"","_jetpack_dont_email_post_to_subs":false,"_jetpack_newsletter_tier_id":0,"_jetpack_memberships_contains_paywalled_content":false,"_jetpack_memberships_contains_paid_content":false,"footnotes":""},"categories":[1,39,14],"tags":[],"class_list":["post-4954","post","type-post","status-publish","format-video","hentry","category-allgemein","category-kunst-co","category-neuigkeiten","post_format-post-format-video"],"jetpack_featured_media_url":"","jetpack_shortlink":"https:\/\/wp.me\/p5EgJb-1hU","jetpack_sharing_enabled":true,"jetpack-related-posts":[],"_links":{"self":[{"href":"https:\/\/www.liebedesign.de\/index.php?rest_route=\/wp\/v2\/posts\/4954","targetHints":{"allow":["GET"]}}],"collection":[{"href":"https:\/\/www.liebedesign.de\/index.php?rest_route=\/wp\/v2\/posts"}],"about":[{"href":"https:\/\/www.liebedesign.de\/index.php?rest_route=\/wp\/v2\/types\/post"}],"author":[{"embeddable":true,"href":"https:\/\/www.liebedesign.de\/index.php?rest_route=\/wp\/v2\/users\/1"}],"replies":[{"embeddable":true,"href":"https:\/\/www.liebedesign.de\/index.php?rest_route=%2Fwp%2Fv2%2Fcomments&post=4954"}],"version-history":[{"count":6,"href":"https:\/\/www.liebedesign.de\/index.php?rest_route=\/wp\/v2\/posts\/4954\/revisions"}],"predecessor-version":[{"id":4961,"href":"https:\/\/www.liebedesign.de\/index.php?rest_route=\/wp\/v2\/posts\/4954\/revisions\/4961"}],"wp:attachment":[{"href":"https:\/\/www.liebedesign.de\/index.php?rest_route=%2Fwp%2Fv2%2Fmedia&parent=4954"}],"wp:term":[{"taxonomy":"category","embeddable":true,"href":"https:\/\/www.liebedesign.de\/index.php?rest_route=%2Fwp%2Fv2%2Fcategories&post=4954"},{"taxonomy":"post_tag","embeddable":true,"href":"https:\/\/www.liebedesign.de\/index.php?rest_route=%2Fwp%2Fv2%2Ftags&post=4954"}],"curies":[{"name":"wp","href":"https:\/\/api.w.org\/{rel}","templated":true}]}}