{"id":748,"date":"2015-03-01T02:12:19","date_gmt":"2015-03-01T02:12:19","guid":{"rendered":"http:\/\/www.liebedesign.de\/?p=748"},"modified":"2015-03-01T14:14:43","modified_gmt":"2015-03-01T14:14:43","slug":"der-mensch-wird-abgeschafft-aber-zu-erst-die-hebammen","status":"publish","type":"post","link":"https:\/\/www.liebedesign.de\/?p=748","title":{"rendered":"Der Mensch wird abgeschafft \u2013 aber zuerst die Hebammen"},"content":{"rendered":"<p>Nun ist es soweit, ich schlage mir die Nacht um die Ohren, weil mich ein Thema so sehr besch\u00e4ftigt. Ich habe es mal angedeutet: Hebammen.<\/p>\n<p>Ich erhielt heute, nein gestern, eine Email von meiner Schwester und es geht darum, das Frauen, die \u00fcber dem errechneten Termin sind, automatisch ins Krankenhaus m\u00fcssen, da die Krankenkasse ansonsten die Leistungen nicht mehr bezahlt. Hei\u00dft, die Hebammen k\u00f6nnen nicht mehr abrechnen, bzw. es wird eine IGel-Leistung, hei\u00dft, es selber zu zahlen, da es nicht \u00fcber die Krankenkasse abgedeckt ist.<\/p>\n<p>Desweiteren &#8222;werden die Hebammen abgeschafft&#8220;, wie es eine Angestellte einer gesetzlichen Krankenkasse einer Frau, auf ihre Frage wie es denn mit den Hebammen weitergeht, antwortete.<\/p>\n<p>Hier nachzulesen: <a title=\"Hebammen sollen abgeschafft werden\" href=\"http:\/\/www.zockt.com\/vonguteneltern\/?p=3798#comment-18207\" target=\"_blank\">Blog &#8222;Von guten Eltern&#8220;<\/a> oder hier <a title=\"Deutscher Hebammenverband\" href=\"http:\/\/www.hebammenverband.de\/aktuell\/nachricht-detail\/datum\/2015\/02\/20\/artikel\/unterstuetzen-sie-uns-krankenkassen-wollen-wahlfreiheit-des-geburtsortes-einschraenken\/\" target=\"_blank\">Deutscher Hebammenverband<\/a><\/p>\n<p>Es ist unglaublich was gerade in Deutschland passiert. Das eine Demokratie kontinuierlich abgeschafft wird, sich in eine &#8222;Unternehmokratie&#8220; verwandelt.<\/p>\n<p>Ab Juli 2016, liebe Frauen, stehen euch Hotlines zur Verf\u00fcgung und ihr d\u00fcrft euch durch das Telefon tippen mit der Rautetaste, damit ihr dann \u00fcber euer Problem reden d\u00fcrft.<\/p>\n<p>Ob die kostenlos sein wird, ist wohl noch die Frage.<\/p>\n<p>Ein Scherz? Nein, bittere Realit\u00e4t.<\/p>\n<p>Hebammen werden abgeschafft zum Wohle der Krankenkassen, der Krankenh\u00e4user, der Unternehmen, denn dann kann man viel besser planen. Kinder kommen, am liebsten durch Kaiserschnitt, auf die Welt und zwar noch vor dem Wochenende und schon gar nicht in der Mittagpause, gell?!<\/p>\n<p>Das ist auch viel schmerzfreier, es gibt ein paar sch\u00f6ne Wellnesstage im Krankenhaus, das Kind wird &#8222;rundumdieUhr&#8220; betreut und dann geht es frisch erholt auf den roten Teppich, nat\u00fcrlich zu Hause.<\/p>\n<p>Und wenn dann nicht gestillt wird, kann man sich gl\u00fccklich sch\u00e4tzen, denn dann gibt es erst gar keine Stillprobleme!<\/p>\n<p>Gratulation! Hebamme \u00fcberfl\u00fcssig.<\/p>\n<p>Ach, Kindbettdepression? Die geht ganz schnell weg, wenn man diese leckeren Pillen nimmt, lassen sich leicht schlucken und schon geht das Leben fr\u00f6hlich weiter &#8211; was brauchen wir denn Hebammen?!<\/p>\n<p>Wir leben doch im neuen Jahrtausend! Prost, scheinbar leichtes Leben.<\/p>\n<p>Ja, ich bin sarkastisch. Und ich verurteile mit meinen Worten nicht die Frauen, die einen Kaiserschnitt erlebten. Sondern ich streite mit meinem Sarkasmus f\u00fcr die Freiheit des Menschen.<\/p>\n<p>Der kommenden Menschen, die ein Recht darauf haben, dort geboren zu werden, wo sie es f\u00fcr richtig halten, gemeinsam mit ihrer Mutter. Die beiden, Mutter und Kind, sind es, die als allererstes ein Recht darauf haben, zu bestimmen, wo sie geb\u00e4ren wollen und wie.<\/p>\n<p>Nicht die Gesellschaft, nicht die Krankenh\u00e4user, nicht die Krankenkassen, nicht die Politik, nicht die Unternehmen &#8211; nein, Mutter und Kind sind die Entscheider.<\/p>\n<p>Dazu geh\u00f6rt eine Hebamme, die das respektiert und f\u00fcrsorglich begleitet in allen Phasen der Schwangerschaft, der Geburt und der Nachsorge.<\/p>\n<p>Frauen und Geburt sind keine Autos, die man mit Qualit\u00e4tsmanagement b\u00fcrokratisieren kann. Jeder Mensch ist einmalig, jede Geburt ist einmalig und keiner kann Qualit\u00e4t \u00fcber gleichgeschaltete Fragen sichern.<\/p>\n<p>Diese Sicherheit wurde geschaffen, damit Unternehmen aus der Erde sprie\u00dfen, die sich das gut bezahlen lassen und alle zwei Jahre Hebammen um 10000 bis 20000 Euro erleichtern.<\/p>\n<p>Mir tun meine Kinder leid! Wie d\u00fcrfen sie ihre Kinder bekommen?<\/p>\n<p>Ich w\u00fcnsche ihnen die Freiheit die ich geniessen durfte, entspannt zu Hause und auch entspannt in einem Krankenhaus, vorher und hinterher f\u00fcrsorglich umsorgt von meiner Hebamme, das w\u00fcnsche ich auch allen anderen Frauen und T\u00f6chtern und Zuk\u00fcnftigen.<\/p>\n<p>Tritt man eigentlich die Grundrechte des Kindes mit F\u00fcssen, wenn man einen Wunschkaiserschnitt macht? Ist es nicht fahrl\u00e4ssig ein Kind z.B. bei einem Wunschkaiserschnitt zu fr\u00fch aus dem Bauchraum, dem bestgesch\u00fctztesten Ort der Welt, zu holen? Spielt man nicht mit dem Leben des Kindes? Kommt das nicht einer Vergewaltigung nahe? Ein grober Mi\u00dfbrauch, der gesellschaftlich toleriert wird? Steht nicht bei einem Wunschkaiserschnitt in erster Linie der eigene Egoismus im Vordergrund?<\/p>\n<p>Erhalten wir uns die Hebammen, die F\u00fcrsorge, als etwas Kostbares in unser hochtechnisierten und mittlerweile sehr kalten Welt. Im Juli 2016, nicht mehr lange, ist es damit vorbei.<\/p>\n<p>Streitet f\u00fcr diese F\u00fcrsorge, bevor wir vergessen haben, was das bedeutet.<\/p>\n<p>Schreibt euren Zeitungen, schreibt den Zeitschriften, schreibt den Politikern, geht auf die Stra\u00dfe und steht auf!<\/p>\n<p>Fordert die Freiheit ein, unser aller Freiheit!<\/p>\n<p>&nbsp;<\/p>\n<p><a title=\"Freedom for Birth\" href=\"https:\/\/www.youtube.com\/watch?v=bCH_PnxL8lc&amp;list=PL88F2AFEA7FABAF87&amp;index=4\" target=\"_blank\">Freedom for Birth<\/a><\/p>\n<p><a href=\"https:\/\/www.youtube.com\/watch?v=sCPZrK8C2ZY&amp;list=PL88F2AFEA7FABAF87\" target=\"_blank\">Hebammen weltweit werden &#8222;abgeschafft&#8220;. Warum? <\/a><\/p>\n<p><a href=\"http:\/\/microbirth.com\/\" target=\"_blank\">Und das ist unsere Zukunft bzw. der Grund?<\/a><\/p>\n<p>Hier kann man t\u00e4tig werden und Informationen erhalten:<\/p>\n<p><a href=\"http:\/\/www.hebammenunterstuetzung.de\/\" target=\"_blank\">http:\/\/www.hebammenunterstuetzung.de\/<\/a><\/p>\n<p><a href=\"https:\/\/de-de.facebook.com\/pages\/HEBAMMENPROTEST\/111496202215223\" target=\"_blank\">https:\/\/de-de.facebook.com\/pages\/HEBAMMENPROTEST\/111496202215223<\/a><\/p>\n<p><a href=\"https:\/\/de-de.facebook.com\/HebammenfuerDeutschland\" target=\"_blank\">Hebammen f\u00fcr Deutschland<\/a><\/p>\n<p><a href=\"http:\/\/www.erzaehlcafe.net\/service-kontakt\" target=\"_blank\">http:\/\/www.erzaehlcafe.net\/service-kontakt<\/a><\/p>\n<p><a href=\"https:\/\/www.unsere-hebammen.de\/mitmachen\/fuer-hebammen\/\" target=\"_blank\">https:\/\/www.unsere-hebammen.de\/mitmachen\/fuer-hebammen\/<\/a><\/p>\n<p><a href=\"http:\/\/www.welt.de\/politik\/deutschland\/article135604078\/Fuer-Schwangere-wird-der-Weg-zur-Klinik-laenger.html\" target=\"_blank\">Wege werden l\u00e4nger und dann?<\/a><\/p>\n<p>Weltweites Problem <a href=\"https:\/\/www.facebook.com\/FreedomForBirth\" target=\"_blank\">Freedom for Birth<\/a><\/p>\n<p><a href=\"http:\/\/www.theguardian.com\/world\/2010\/oct\/22\/hungary-midwife-agnes-gereb-home-birth\" target=\"_blank\">Hausgeburten<\/a><\/p>\n<p>Wichtiger Mediziner und Gyn\u00e4kologe <a href=\"https:\/\/www.youtube.com\/watch?v=zBjZ5rMoHkU\" target=\"_blank\">Michael Odent<\/a><\/p>\n<p><a title=\"Meine Narbe\" href=\"https:\/\/www.youtube.com\/watch?v=QXrTmub4Xqs\" target=\"_blank\">&#8222;Meine Narbe&#8220;<\/a>\u00a0\u00a0 \u2013 spannend auch unter Information folgendes zu lesen, ich zitiere Herrn Prof. Peter Husslein, Leiter der Geburtshilfe im AKH: &#8222;&#8230; irgendwann wird einmal die normale Geburt die Ausnahme sein. Frauen werden sich ganz bewusst f\u00fcr die vaginale Geburt entscheiden m\u00fcssen, w\u00e4hrend sie sich jetzt noch bewusst f\u00fcr den Kaiserschnitt entscheiden.&#8220;<\/p>\n<p><a href=\"https:\/\/de-de.facebook.com\/meinenarbe\" target=\"_blank\">Meine Narbe<\/a> auf facebook<\/p>\n<p>&nbsp;<\/p>\n<p>&nbsp;<\/p>\n<p>&nbsp;<\/p>\n","protected":false},"excerpt":{"rendered":"<p>Nun ist es soweit, ich schlage mir die Nacht um die Ohren, weil mich ein Thema so sehr besch\u00e4ftigt. Ich habe es mal angedeutet: Hebammen. Ich erhielt heute, nein gestern, eine Email von meiner Schwester und es geht darum, das &hellip; <a href=\"https:\/\/www.liebedesign.de\/?p=748\">Weiterlesen <span class=\"meta-nav\">&rarr;<\/span><\/a><\/p>\n","protected":false},"author":1,"featured_media":0,"comment_status":"open","ping_status":"open","sticky":false,"template":"","format":"standard","meta":{"advanced_seo_description":"","jetpack_seo_html_title":"","jetpack_seo_noindex":false,"jetpack_post_was_ever_published":false,"_jetpack_newsletter_access":"","_jetpack_dont_email_post_to_subs":false,"_jetpack_newsletter_tier_id":0,"_jetpack_memberships_contains_paywalled_content":false,"_jetpack_memberships_contains_paid_content":false,"footnotes":""},"categories":[1,14],"tags":[],"class_list":["post-748","post","type-post","status-publish","format-standard","hentry","category-allgemein","category-neuigkeiten"],"jetpack_featured_media_url":"","jetpack_shortlink":"https:\/\/wp.me\/p5EgJb-c4","jetpack_sharing_enabled":true,"jetpack-related-posts":[],"_links":{"self":[{"href":"https:\/\/www.liebedesign.de\/index.php?rest_route=\/wp\/v2\/posts\/748","targetHints":{"allow":["GET"]}}],"collection":[{"href":"https:\/\/www.liebedesign.de\/index.php?rest_route=\/wp\/v2\/posts"}],"about":[{"href":"https:\/\/www.liebedesign.de\/index.php?rest_route=\/wp\/v2\/types\/post"}],"author":[{"embeddable":true,"href":"https:\/\/www.liebedesign.de\/index.php?rest_route=\/wp\/v2\/users\/1"}],"replies":[{"embeddable":true,"href":"https:\/\/www.liebedesign.de\/index.php?rest_route=%2Fwp%2Fv2%2Fcomments&post=748"}],"version-history":[{"count":13,"href":"https:\/\/www.liebedesign.de\/index.php?rest_route=\/wp\/v2\/posts\/748\/revisions"}],"predecessor-version":[{"id":761,"href":"https:\/\/www.liebedesign.de\/index.php?rest_route=\/wp\/v2\/posts\/748\/revisions\/761"}],"wp:attachment":[{"href":"https:\/\/www.liebedesign.de\/index.php?rest_route=%2Fwp%2Fv2%2Fmedia&parent=748"}],"wp:term":[{"taxonomy":"category","embeddable":true,"href":"https:\/\/www.liebedesign.de\/index.php?rest_route=%2Fwp%2Fv2%2Fcategories&post=748"},{"taxonomy":"post_tag","embeddable":true,"href":"https:\/\/www.liebedesign.de\/index.php?rest_route=%2Fwp%2Fv2%2Ftags&post=748"}],"curies":[{"name":"wp","href":"https:\/\/api.w.org\/{rel}","templated":true}]}}