{"id":954,"date":"2015-04-13T13:32:40","date_gmt":"2015-04-13T13:32:40","guid":{"rendered":"http:\/\/www.liebedesign.de\/?p=954"},"modified":"2015-04-14T12:37:31","modified_gmt":"2015-04-14T12:37:31","slug":"das-flog-das-osterei-vorbei-habt-ihrs-gesehen","status":"publish","type":"post","link":"https:\/\/www.liebedesign.de\/?p=954","title":{"rendered":"Da flog das Osterei vorbei &#8211; habt ihr\u00b4s gesehen?"},"content":{"rendered":"<div id=\"attachment_956\" style=\"width: 630px\" class=\"wp-caption alignnone\"><a href=\"https:\/\/i0.wp.com\/www.liebedesign.de\/wp-content\/uploads\/2015\/04\/PICT0086.jpg\"><img data-recalc-dims=\"1\" loading=\"lazy\" decoding=\"async\" aria-describedby=\"caption-attachment-956\" class=\"size-large wp-image-956\" src=\"https:\/\/i0.wp.com\/www.liebedesign.de\/wp-content\/uploads\/2015\/04\/PICT0086-1024x683.jpg?resize=620%2C414\" alt=\"\u00a9 Sara Liebe\" width=\"620\" height=\"414\" srcset=\"https:\/\/i0.wp.com\/www.liebedesign.de\/wp-content\/uploads\/2015\/04\/PICT0086.jpg?w=1024&amp;ssl=1 1024w, https:\/\/i0.wp.com\/www.liebedesign.de\/wp-content\/uploads\/2015\/04\/PICT0086.jpg?resize=300%2C200&amp;ssl=1 300w\" sizes=\"auto, (max-width: 620px) 100vw, 620px\" \/><\/a><p id=\"caption-attachment-956\" class=\"wp-caption-text\">\u00a9 Sara Liebe<\/p><\/div>\n<p>Ich erz\u00e4hle euch nun nichts neues: die Zeit rast dahin.<\/p>\n<p>Wenn ihr wi\u00dft, wie sie sich anhalten l\u00e4\u00dft und sei es nur f\u00fcr einen Moment, verratet mir bitte dieses Geheimnis.<\/p>\n<p>\u00dcber Ostern war ich ein paar Tage in meiner alten Heimat, habe einen Stopp eingelegt bei einer guten und langj\u00e4hrigen Freundin. Es ist jedesmal ein Genu\u00df, mein Auge findet so viele kleine Kostbare Oasen, eine wahre Wonne, ein Augenschmaus! So klar, strukturiert und trotzdem herzlich, die Dinge sind mit gro\u00dfer Liebe ausgesucht. Die Stimmung wirkt auf mich fast kl\u00f6sterlich. \u2013 Das tut mir gut und jedesmal hege ich die Hoffnung, dass auch ich es schaffe, solch\u00b4 eine Atmosph\u00e4re in mein Heim zu zaubern.<\/p>\n<p>Fast meine ich, die einzige Graphikerin (ja, ich schreibe es nach alter Schreibweise, da es mir optisch einfach besser gef\u00e4llt) zu sein, die solch\u00b4 einen geradezu chaotischen Haushalt hat. Sammeln ist meine Leidenschaft. Wenn ich es wenigstens wie die Eichh\u00f6rnchen machen k\u00f6nnte, dann w\u00e4re optisch schon mal einiges aus dem Weg gebuddelt. \u2013 Hm.<\/p>\n<p>Meine Nachbarn w\u00e4ren wahrscheinlich weniger erfreut, wenn sie bei sich Dinge ausgraben, die sie gar nicht kennen&#8230;<\/p>\n<p>Ja, mir kommen immer so viele Ideen, was man damit und hiermit machen kann, ver\u00e4ndern und \u00fcberhaupt&#8230; also muss ich wohl ziemlich alt werden, damit ich das alles schaffe, was mir so an Ideen kommt &#8211; uff und nicht an Demenz erkranken, sonst wird\u00b4s ja noch lustiger. ;-)<\/p>\n<p>Nach dem Stopp bei meiner Freundin bin ich weiter nach HH, in die Heimat meiner Fischkopp-Familie. Dort hat mein Vater ein paar Bilder ausgegraben, noch so\u00b4n Sammler \u2013 der Apfel f\u00e4llt nicht weit vom Stamm. Herrliche Fotos, ich habe ja kaum alte Fotos und nun kann ich in einigen wenigen schwelgen. Das obere zeigt mich, wohl mit 2-3 Jahren. Was f\u00fcr ein Haarschnitt. Prinzessin Eisenherz. Schien in den 70ern furchtbar modern gewesen zu sein. Den hatte ich lange, in verschiedenen L\u00e4ngen, wenn es mir zu bunt wurde, habe ich auch gerne selber die Schere angesetzt. Meine Schwester kann ein Lied davon singen.<\/p>\n<div id=\"attachment_957\" style=\"width: 630px\" class=\"wp-caption alignnone\"><a href=\"https:\/\/i0.wp.com\/www.liebedesign.de\/wp-content\/uploads\/2015\/04\/PICT0062.jpg\"><img data-recalc-dims=\"1\" loading=\"lazy\" decoding=\"async\" aria-describedby=\"caption-attachment-957\" class=\"size-large wp-image-957\" src=\"https:\/\/i0.wp.com\/www.liebedesign.de\/wp-content\/uploads\/2015\/04\/PICT0062-1024x683.jpg?resize=620%2C414\" alt=\"\u00a9 Sara Liebe\" width=\"620\" height=\"414\" srcset=\"https:\/\/i0.wp.com\/www.liebedesign.de\/wp-content\/uploads\/2015\/04\/PICT0062.jpg?w=1024&amp;ssl=1 1024w, https:\/\/i0.wp.com\/www.liebedesign.de\/wp-content\/uploads\/2015\/04\/PICT0062.jpg?resize=300%2C200&amp;ssl=1 300w\" sizes=\"auto, (max-width: 620px) 100vw, 620px\" \/><\/a><p id=\"caption-attachment-957\" class=\"wp-caption-text\">\u00a9 Sara Liebe<\/p><\/div>\n<p>Und in dem K\u00e4fer habe ich mit Vorliebe hinten im &#8222;Kofferraum&#8220; gesessen. Das war ein winziges Pl\u00e4tzchen zu dem ich \u00fcber die R\u00fccksitzbank gekrabbelt bin. Oder in der Mitte von der hinteren Sitzbank sitzen, zwischen Fahrer und Beifahrer hindurch sehen und fast auf deren Scho\u00df sitzen&#8230; Kindersitz, was ist das?\u00a0 Boa, ich wei\u00df noch, diesen bestimmten Geruch im K\u00e4fer, mir wurde jedesmal spei\u00fcbel&#8230; der Geruch h\u00e4ngt mir immer noch in der Nase &#8211; lecker Weichmacher&#8230;<\/p>\n<p>Ja, und das ist meine j\u00fcngere Schwester, die unter meinen kreativen Ideen so manches Mal leiden mu\u00dfte ;-) Ich hoffe, sie nimmt es mir nicht allzu \u00fcbel. War doch bestimmt auch ganz lustig mit mir&#8230; oder, Schwesterherz?<\/p>\n<div id=\"attachment_958\" style=\"width: 630px\" class=\"wp-caption alignnone\"><a href=\"https:\/\/i0.wp.com\/www.liebedesign.de\/wp-content\/uploads\/2015\/04\/PICT0127.jpg\"><img data-recalc-dims=\"1\" loading=\"lazy\" decoding=\"async\" aria-describedby=\"caption-attachment-958\" class=\"size-large wp-image-958\" src=\"https:\/\/i0.wp.com\/www.liebedesign.de\/wp-content\/uploads\/2015\/04\/PICT0127-1024x683.jpg?resize=620%2C414\" alt=\"\u00a9 Sara Liebe\" width=\"620\" height=\"414\" srcset=\"https:\/\/i0.wp.com\/www.liebedesign.de\/wp-content\/uploads\/2015\/04\/PICT0127.jpg?w=1024&amp;ssl=1 1024w, https:\/\/i0.wp.com\/www.liebedesign.de\/wp-content\/uploads\/2015\/04\/PICT0127.jpg?resize=300%2C200&amp;ssl=1 300w\" sizes=\"auto, (max-width: 620px) 100vw, 620px\" \/><\/a><p id=\"caption-attachment-958\" class=\"wp-caption-text\">\u00a9 Sara Liebe<\/p><\/div>\n<p>Ein paar Stimmungsbilder aus den Osterferien:<\/p>\n<div id=\"attachment_966\" style=\"width: 630px\" class=\"wp-caption alignnone\"><a href=\"https:\/\/i0.wp.com\/www.liebedesign.de\/wp-content\/uploads\/2015\/04\/IMG_2900.jpg\"><img data-recalc-dims=\"1\" loading=\"lazy\" decoding=\"async\" aria-describedby=\"caption-attachment-966\" class=\"size-large wp-image-966\" src=\"https:\/\/i0.wp.com\/www.liebedesign.de\/wp-content\/uploads\/2015\/04\/IMG_2900-768x1024.jpg?resize=620%2C827\" alt=\"\u00a9 Sara Liebe\" width=\"620\" height=\"827\" srcset=\"https:\/\/i0.wp.com\/www.liebedesign.de\/wp-content\/uploads\/2015\/04\/IMG_2900.jpg?w=768&amp;ssl=1 768w, https:\/\/i0.wp.com\/www.liebedesign.de\/wp-content\/uploads\/2015\/04\/IMG_2900.jpg?resize=225%2C300&amp;ssl=1 225w\" sizes=\"auto, (max-width: 620px) 100vw, 620px\" \/><\/a><p id=\"caption-attachment-966\" class=\"wp-caption-text\">\u00a9 Sara Liebe<\/p><\/div>\n<p>Sehenswert: Die <a title=\"Gr\u00fcffelo Ausstellung\" href=\"https:\/\/www.lwl.org\/LWL\/Kultur\/museumkunstkultur\/ausstellungen\/grueffelo\" target=\"_blank\">Gr\u00fcffelo Ausstellung in M\u00fcnster!<\/a> Mich haben vor allem die Zeichnungen interessiert, wie <a title=\"Axel Scheffler\" href=\"http:\/\/de.wikipedia.org\/wiki\/Axel_Scheffler\" target=\"_blank\">Axel Scheffler<\/a> illustriert, seine Herangehensweise, sein Strich,&#8230; Originale sind immer wieder erquicklicher als &#8222;Kopien&#8220; in den B\u00fcchern. Farbig sind seine Bilder teils richtige Knaller. \u2013 Geht hin, solange sie noch zu sehen ist.<\/p>\n<p>Ich w\u00fcnsche mir mehr Ausstellungen von Illustratoren, vor allem zeitgen\u00f6ssische, die werden mit ihrer Kunst viel zu wenig gew\u00fcrdigt. Also, liebe Museen mehr Ausstellungen! Es gibt sooooo viele begabte Menschen und nicht nur eine Handvoll K\u00fcnstler, die man immer wieder sieht.<\/p>\n<div id=\"attachment_964\" style=\"width: 630px\" class=\"wp-caption alignnone\"><a href=\"https:\/\/i0.wp.com\/www.liebedesign.de\/wp-content\/uploads\/2015\/04\/IMG_3146.jpg\"><img data-recalc-dims=\"1\" loading=\"lazy\" decoding=\"async\" aria-describedby=\"caption-attachment-964\" class=\"size-large wp-image-964\" src=\"https:\/\/i0.wp.com\/www.liebedesign.de\/wp-content\/uploads\/2015\/04\/IMG_3146-768x1024.jpg?resize=620%2C827\" alt=\"\u00a9 Sara Liebe\" width=\"620\" height=\"827\" srcset=\"https:\/\/i0.wp.com\/www.liebedesign.de\/wp-content\/uploads\/2015\/04\/IMG_3146.jpg?w=768&amp;ssl=1 768w, https:\/\/i0.wp.com\/www.liebedesign.de\/wp-content\/uploads\/2015\/04\/IMG_3146.jpg?resize=225%2C300&amp;ssl=1 225w\" sizes=\"auto, (max-width: 620px) 100vw, 620px\" \/><\/a><p id=\"caption-attachment-964\" class=\"wp-caption-text\">\u00a9 Sara Liebe<\/p><\/div>\n<div id=\"attachment_963\" style=\"width: 630px\" class=\"wp-caption alignnone\"><a href=\"https:\/\/i0.wp.com\/www.liebedesign.de\/wp-content\/uploads\/2015\/04\/IMG_3184.jpg\"><img data-recalc-dims=\"1\" loading=\"lazy\" decoding=\"async\" aria-describedby=\"caption-attachment-963\" class=\"size-large wp-image-963\" src=\"https:\/\/i0.wp.com\/www.liebedesign.de\/wp-content\/uploads\/2015\/04\/IMG_3184-1024x768.jpg?resize=620%2C465\" alt=\"\u00a9 Sara Liebe\" width=\"620\" height=\"465\" srcset=\"https:\/\/i0.wp.com\/www.liebedesign.de\/wp-content\/uploads\/2015\/04\/IMG_3184.jpg?w=1024&amp;ssl=1 1024w, https:\/\/i0.wp.com\/www.liebedesign.de\/wp-content\/uploads\/2015\/04\/IMG_3184.jpg?resize=300%2C225&amp;ssl=1 300w\" sizes=\"auto, (max-width: 620px) 100vw, 620px\" \/><\/a><p id=\"caption-attachment-963\" class=\"wp-caption-text\">\u00a9 Sara Liebe<\/p><\/div>\n<p>&nbsp;<\/p>\n<div id=\"attachment_965\" style=\"width: 630px\" class=\"wp-caption alignnone\"><a href=\"https:\/\/i0.wp.com\/www.liebedesign.de\/wp-content\/uploads\/2015\/04\/IMG_3061.jpg\"><img data-recalc-dims=\"1\" loading=\"lazy\" decoding=\"async\" aria-describedby=\"caption-attachment-965\" class=\"size-large wp-image-965\" src=\"https:\/\/i0.wp.com\/www.liebedesign.de\/wp-content\/uploads\/2015\/04\/IMG_3061-768x1024.jpg?resize=620%2C827\" alt=\"\u00a9 Sara Liebe\" width=\"620\" height=\"827\" srcset=\"https:\/\/i0.wp.com\/www.liebedesign.de\/wp-content\/uploads\/2015\/04\/IMG_3061.jpg?w=768&amp;ssl=1 768w, https:\/\/i0.wp.com\/www.liebedesign.de\/wp-content\/uploads\/2015\/04\/IMG_3061.jpg?resize=225%2C300&amp;ssl=1 225w\" sizes=\"auto, (max-width: 620px) 100vw, 620px\" \/><\/a><p id=\"caption-attachment-965\" class=\"wp-caption-text\">\u00a9 Sara Liebe<\/p><\/div>\n<p>Ja, und heute hat die Schule wieder begonnen und damit die t\u00e4glichen Pflichten.<\/p>\n<p>Ich fang dann schon mal an zu buddeln, was k\u00f6nnte ich als Erstes vergraben? Hm&#8230; die W\u00e4scheberge,&#8230; das halbangestrichene Bett,&#8230; das&#8230;<\/p>\n","protected":false},"excerpt":{"rendered":"<p>Ich erz\u00e4hle euch nun nichts neues: die Zeit rast dahin. Wenn ihr wi\u00dft, wie sie sich anhalten l\u00e4\u00dft und sei es nur f\u00fcr einen Moment, verratet mir bitte dieses Geheimnis. \u00dcber Ostern war ich ein paar Tage in meiner alten &hellip; <a href=\"https:\/\/www.liebedesign.de\/?p=954\">Weiterlesen <span class=\"meta-nav\">&rarr;<\/span><\/a><\/p>\n","protected":false},"author":1,"featured_media":0,"comment_status":"open","ping_status":"open","sticky":false,"template":"","format":"image","meta":{"advanced_seo_description":"","jetpack_seo_html_title":"","jetpack_seo_noindex":false,"jetpack_post_was_ever_published":false,"_jetpack_newsletter_access":"","_jetpack_dont_email_post_to_subs":false,"_jetpack_newsletter_tier_id":0,"_jetpack_memberships_contains_paywalled_content":false,"_jetpack_memberships_contains_paid_content":false,"footnotes":""},"categories":[1,14],"tags":[],"class_list":["post-954","post","type-post","status-publish","format-image","hentry","category-allgemein","category-neuigkeiten","post_format-post-format-image"],"jetpack_featured_media_url":"","jetpack_shortlink":"https:\/\/wp.me\/p5EgJb-fo","jetpack_sharing_enabled":true,"jetpack-related-posts":[],"_links":{"self":[{"href":"https:\/\/www.liebedesign.de\/index.php?rest_route=\/wp\/v2\/posts\/954","targetHints":{"allow":["GET"]}}],"collection":[{"href":"https:\/\/www.liebedesign.de\/index.php?rest_route=\/wp\/v2\/posts"}],"about":[{"href":"https:\/\/www.liebedesign.de\/index.php?rest_route=\/wp\/v2\/types\/post"}],"author":[{"embeddable":true,"href":"https:\/\/www.liebedesign.de\/index.php?rest_route=\/wp\/v2\/users\/1"}],"replies":[{"embeddable":true,"href":"https:\/\/www.liebedesign.de\/index.php?rest_route=%2Fwp%2Fv2%2Fcomments&post=954"}],"version-history":[{"count":19,"href":"https:\/\/www.liebedesign.de\/index.php?rest_route=\/wp\/v2\/posts\/954\/revisions"}],"predecessor-version":[{"id":981,"href":"https:\/\/www.liebedesign.de\/index.php?rest_route=\/wp\/v2\/posts\/954\/revisions\/981"}],"wp:attachment":[{"href":"https:\/\/www.liebedesign.de\/index.php?rest_route=%2Fwp%2Fv2%2Fmedia&parent=954"}],"wp:term":[{"taxonomy":"category","embeddable":true,"href":"https:\/\/www.liebedesign.de\/index.php?rest_route=%2Fwp%2Fv2%2Fcategories&post=954"},{"taxonomy":"post_tag","embeddable":true,"href":"https:\/\/www.liebedesign.de\/index.php?rest_route=%2Fwp%2Fv2%2Ftags&post=954"}],"curies":[{"name":"wp","href":"https:\/\/api.w.org\/{rel}","templated":true}]}}